{"id":2295,"date":"2025-01-27T12:24:11","date_gmt":"2025-01-27T11:24:11","guid":{"rendered":"https:\/\/les4pattounes.org\/les4pattorg\/?p=2295"},"modified":"2026-03-25T15:51:01","modified_gmt":"2026-03-25T14:51:01","slug":"ils-parlent-de-nous","status":"publish","type":"post","link":"https:\/\/les4pattounes.org\/les4pattorg\/ils-parlent-de-nous\/","title":{"rendered":"ILS PARLENT DE NOUS"},"content":{"rendered":"<p>[et_pb_section fb_built=\u00a0\u00bb1&Prime; admin_label=\u00a0\u00bbsection\u00a0\u00bb _builder_version=\u00a0\u00bb4.27.4&Prime; custom_padding=\u00a0\u00bb6px|||||\u00a0\u00bb global_colors_info=\u00a0\u00bb{}\u00a0\u00bb][et_pb_row _builder_version=\u00a0\u00bb4.27.4&Prime; _module_preset=\u00a0\u00bbdefault\u00a0\u00bb global_colors_info=\u00a0\u00bb{}\u00a0\u00bb][et_pb_column type=\u00a0\u00bb4_4&Prime; _builder_version=\u00a0\u00bb4.27.4&Prime; _module_preset=\u00a0\u00bbdefault\u00a0\u00bb global_colors_info=\u00a0\u00bb{}\u00a0\u00bb][et_pb_text _builder_version=\u00a0\u00bb4.27.6&Prime; _module_preset=\u00a0\u00bbdefault\u00a0\u00bb min_height=\u00a0\u00bb110.6px\u00a0\u00bb custom_margin=\u00a0\u00bb||6px|||\u00a0\u00bb custom_padding=\u00a0\u00bb13px|||||\u00a0\u00bb hover_enabled=\u00a0\u00bb0&Prime; global_colors_info=\u00a0\u00bb{}\u00a0\u00bb sticky_enabled=\u00a0\u00bb0&Prime;]<\/p>\n<h1 class=\"bt_bb_headline_tag\"><span class=\"bt_bb_headline_content\"> Toulouse. Gr\u00e2ce \u00e0 une belle cha\u00eene de solidarit\u00e9, un chat pi\u00e9g\u00e9 depuis une semaine \u00ab\u00a0sauv\u00e9 d&rsquo;une mort certaine\u00a0\u00bb <\/span><\/h1>\n<p> Un chat a \u00e9t\u00e9 lib\u00e9r\u00e9 du \u00ab\u00a0pi\u00e8ge\u00a0\u00bb dans lequel il \u00e9tait tomb\u00e9 le vendredi 13 mars 2026 dans un parking souterrain du quartier Basso Cambo, \u00e0 Toulouse. R\u00e9cit d&rsquo;un sauvetage. [\/et_pb_text][et_pb_button button_url=\u00a0\u00bbhttps:\/\/actu.fr\/occitanie\/toulouse_31555\/toulouse-grace-a-une-belle-chaine-de-solidarite-un-chat-piege-depuis-une-semaine-sauve-d-une-mort-certaine_64010609.html?fbclid=IwZXh0bgNhZW0CMTEAc3J0YwZhcHBfaWQQMjIyMDM5MTc4ODIwMDg5MgABHp8ntNfNKhI7Jf1ynjUokWWhBsdHohem3DWPErmhViJuu7VxNyUUP7Mx4Zq-_aem_EJiwFouZvDDIWyIXuoyUlw\u00a0\u00bb url_new_window=\u00a0\u00bbon\u00a0\u00bb button_text=\u00a0\u00bbLire l&rsquo;article\u00a0\u00bb _builder_version=\u00a0\u00bb4.27.6&Prime; _module_preset=\u00a0\u00bbdefault\u00a0\u00bb custom_button=\u00a0\u00bbon\u00a0\u00bb button_text_size=\u00a0\u00bb15px\u00a0\u00bb button_text_color=\u00a0\u00bb#F4F4F4&Prime; button_bg_color=\u00a0\u00bb#022F6B\u00a0\u00bb button_border_width=\u00a0\u00bb0px\u00a0\u00bb button_border_radius=\u00a0\u00bb10px\u00a0\u00bb button_font=\u00a0\u00bb|600|||||||\u00a0\u00bb custom_margin=\u00a0\u00bb14px||21px|||\u00a0\u00bb hover_enabled=\u00a0\u00bb0&Prime; global_colors_info=\u00a0\u00bb{}\u00a0\u00bb sticky_enabled=\u00a0\u00bb0&Prime;][\/et_pb_button][et_pb_divider _builder_version=\u00a0\u00bb4.27.4&Prime; _module_preset=\u00a0\u00bbdefault\u00a0\u00bb custom_margin=\u00a0\u00bb||-20px|||\u00a0\u00bb global_colors_info=\u00a0\u00bb{}\u00a0\u00bb][\/et_pb_divider][et_pb_video src=\u00a0\u00bbhttps:\/\/www.youtube.com\/watch?v=mQg-1gDTG78&Prime; _builder_version=\u00a0\u00bb4.27.5&Prime; _module_preset=\u00a0\u00bbdefault\u00a0\u00bb global_colors_info=\u00a0\u00bb{}\u00a0\u00bb][\/et_pb_video][et_pb_divider _builder_version=\u00a0\u00bb4.27.4&Prime; _module_preset=\u00a0\u00bbdefault\u00a0\u00bb custom_margin=\u00a0\u00bb||-20px|||\u00a0\u00bb global_colors_info=\u00a0\u00bb{}\u00a0\u00bb][\/et_pb_divider][et_pb_text _builder_version=\u00a0\u00bb4.27.5&Prime; _module_preset=\u00a0\u00bbdefault\u00a0\u00bb min_height=\u00a0\u00bb110.6px\u00a0\u00bb custom_margin=\u00a0\u00bb||6px|||\u00a0\u00bb custom_padding=\u00a0\u00bb13px|||||\u00a0\u00bb global_colors_info=\u00a0\u00bb{}\u00a0\u00bb]<\/p>\n<h1 class=\"bt_bb_headline_tag\"><span class=\"bt_bb_headline_content\">Animaux maltrait\u00e9s : un premier refuge d&rsquo;accueil d&rsquo;urgence en France<\/h1>\n<p>L\u2019association Les 4 Pattounes et sa pr\u00e9sidente C\u00e9line Gardel s&rsquo;appr\u00eatent \u00e0 cr\u00e9er le 1er refuge d&rsquo;accueil d&rsquo;urgence en France pour les animaux victimes de violence. L&rsquo;objectif : qu&rsquo;ils ne soient pas rendus \u00e0 leur tortionnaire faute de place pour les accueillir.[\/et_pb_text][et_pb_button button_url=\u00a0\u00bbhttps:\/\/www.lessentiel.fr\/animaux\/2026-02-04\/animaux-maltraites-un-premier-refuge-daccueil-durgence-en-france-15057?fbclid=IwZXh0bgNhZW0CMTEAc3J0YwZhcHBfaWQQMjIyMDM5MTc4ODIwMDg5MgABHpV9N_zEduZ0_4zSgYjkoq6GXyzvnDlU1h0eMa9IGi_b9bcb32qwRzXJVZ0g_aem_wJ3zOrt2sf4hj9gnisjk2w\u00a0\u00bb url_new_window=\u00a0\u00bbon\u00a0\u00bb button_text=\u00a0\u00bbLire l&rsquo;article\u00a0\u00bb _builder_version=\u00a0\u00bb4.27.5&Prime; _module_preset=\u00a0\u00bbdefault\u00a0\u00bb custom_button=\u00a0\u00bbon\u00a0\u00bb button_text_size=\u00a0\u00bb15px\u00a0\u00bb button_text_color=\u00a0\u00bb#F4F4F4&Prime; button_bg_color=\u00a0\u00bb#022F6B\u00a0\u00bb button_border_width=\u00a0\u00bb0px\u00a0\u00bb button_border_radius=\u00a0\u00bb10px\u00a0\u00bb button_font=\u00a0\u00bb|600|||||||\u00a0\u00bb custom_margin=\u00a0\u00bb14px||21px|||\u00a0\u00bb global_colors_info=\u00a0\u00bb{}\u00a0\u00bb][\/et_pb_button][et_pb_divider _builder_version=\u00a0\u00bb4.27.4&Prime; _module_preset=\u00a0\u00bbdefault\u00a0\u00bb custom_margin=\u00a0\u00bb||-20px|||\u00a0\u00bb global_colors_info=\u00a0\u00bb{}\u00a0\u00bb][\/et_pb_divider][et_pb_text _builder_version=\u00a0\u00bb4.27.5&Prime; _module_preset=\u00a0\u00bbdefault\u00a0\u00bb min_height=\u00a0\u00bb110.6px\u00a0\u00bb custom_margin=\u00a0\u00bb||6px|||\u00a0\u00bb custom_padding=\u00a0\u00bb13px|||||\u00a0\u00bb global_colors_info=\u00a0\u00bb{}\u00a0\u00bb]<\/p>\n<h1 class=\"bt_bb_headline_tag\"><span class=\"bt_bb_headline_content\">\u00ab\u00a0\u00c9viter que les animaux ne retournent en enfer\u00a0\u00bb : appel \u00e0 la g\u00e9n\u00e9rosit\u00e9 pour ouvrir un premier refuge d&rsquo;accueil d&rsquo;urgence en France<\/h1>\n<p>Cela fait deux ans que l&rsquo;association dirig\u00e9e par la \u00ab\u00a0Capitaine des animaux\u00a0\u00bb, polici\u00e8re \u00e0 Toulouse, cherche \u00e0 concr\u00e9tiser ce projet : ouvrir une structure d&rsquo;accueil d&rsquo;urgence pour les animaux maltrait\u00e9s et confisqu\u00e9s par la justice. Une cagnotte a \u00e9t\u00e9 relanc\u00e9e d\u00e9but d\u00e9cembre 2025. On fait le point.[\/et_pb_text][et_pb_button button_url=\u00a0\u00bbhttps:\/\/france3-regions.franceinfo.fr\/occitanie\/haute-garonne\/toulouse\/eviter-que-les-animaux-ne-retournent-en-enfer-appel-a-la-generosite-pour-ouvrir-un-premier-refuge-d-accueil-d-urgence-en-france-3276005.html\u00a0\u00bb url_new_window=\u00a0\u00bbon\u00a0\u00bb button_text=\u00a0\u00bbLire l&rsquo;article\u00a0\u00bb _builder_version=\u00a0\u00bb4.27.5&Prime; _module_preset=\u00a0\u00bbdefault\u00a0\u00bb custom_button=\u00a0\u00bbon\u00a0\u00bb button_text_size=\u00a0\u00bb15px\u00a0\u00bb button_text_color=\u00a0\u00bb#F4F4F4&Prime; button_bg_color=\u00a0\u00bb#022F6B\u00a0\u00bb button_border_width=\u00a0\u00bb0px\u00a0\u00bb button_border_radius=\u00a0\u00bb10px\u00a0\u00bb button_font=\u00a0\u00bb|600|||||||\u00a0\u00bb custom_margin=\u00a0\u00bb14px||21px|||\u00a0\u00bb global_colors_info=\u00a0\u00bb{}\u00a0\u00bb][\/et_pb_button][et_pb_divider _builder_version=\u00a0\u00bb4.27.4&Prime; _module_preset=\u00a0\u00bbdefault\u00a0\u00bb custom_margin=\u00a0\u00bb||-20px|||\u00a0\u00bb global_colors_info=\u00a0\u00bb{}\u00a0\u00bb][\/et_pb_divider][et_pb_text _builder_version=\u00a0\u00bb4.27.5&Prime; _module_preset=\u00a0\u00bbdefault\u00a0\u00bb min_height=\u00a0\u00bb110.6px\u00a0\u00bb custom_margin=\u00a0\u00bb||6px|||\u00a0\u00bb custom_padding=\u00a0\u00bb13px|||||\u00a0\u00bb global_colors_info=\u00a0\u00bb{}\u00a0\u00bb]<\/p>\n<h1 class=\"bt_bb_headline_tag\"><span class=\"bt_bb_headline_content\"><span> Toulouse. Bient\u00f4t une maison d&rsquo;accueil pour les animaux maltrait\u00e9s retir\u00e9s \u00e0 leurs ma\u00eetres violents <\/h1>\n<p> Offrir un toit aux animaux confisqu\u00e9s \u00e0 leurs ma\u00eetres violents, c&rsquo;est le projet que l&rsquo;association les 4 pattounes veut d\u00e9velopper \u00e0 Toulouse. [\/et_pb_text][et_pb_button button_url=\u00a0\u00bbhttps:\/\/actu.fr\/occitanie\/toulouse_31555\/toulouse-bientot-une-maison-d-accueil-pour-les-animaux-maltraites-retires-a-leurs-maitres-violents_63608300.html#\u00a0\u00bb url_new_window=\u00a0\u00bbon\u00a0\u00bb button_text=\u00a0\u00bbLire l&rsquo;article\u00a0\u00bb _builder_version=\u00a0\u00bb4.27.5&Prime; _module_preset=\u00a0\u00bbdefault\u00a0\u00bb custom_button=\u00a0\u00bbon\u00a0\u00bb button_text_size=\u00a0\u00bb15px\u00a0\u00bb button_text_color=\u00a0\u00bb#F4F4F4&Prime; button_bg_color=\u00a0\u00bb#022F6B\u00a0\u00bb button_border_width=\u00a0\u00bb0px\u00a0\u00bb button_border_radius=\u00a0\u00bb10px\u00a0\u00bb button_font=\u00a0\u00bb|600|||||||\u00a0\u00bb custom_margin=\u00a0\u00bb14px||21px|||\u00a0\u00bb global_colors_info=\u00a0\u00bb{}\u00a0\u00bb][\/et_pb_button][et_pb_divider _builder_version=\u00a0\u00bb4.27.4&Prime; _module_preset=\u00a0\u00bbdefault\u00a0\u00bb custom_margin=\u00a0\u00bb||-20px|||\u00a0\u00bb global_colors_info=\u00a0\u00bb{}\u00a0\u00bb][\/et_pb_divider][et_pb_text _builder_version=\u00a0\u00bb4.27.5&Prime; _module_preset=\u00a0\u00bbdefault\u00a0\u00bb min_height=\u00a0\u00bb110.6px\u00a0\u00bb custom_margin=\u00a0\u00bb||6px|||\u00a0\u00bb custom_padding=\u00a0\u00bb13px|||||\u00a0\u00bb global_colors_info=\u00a0\u00bb{}\u00a0\u00bb]<\/p>\n<h1 class=\"bt_bb_headline_tag\"><span class=\"bt_bb_headline_content\">\u00ab\u00a0Savoir qu\u2019un animal peut \u00eatre rendu \u00e0 son bourreau, c\u2019est insupportable\u00a0\u00bb : un refuge unique en France pour les victimes de maltraitances<\/h1>\n<p>Des animaux saisis pour mauvais traitements sont parfois laiss\u00e9s \u00e0 leurs propri\u00e9taires. Une situation que C\u00e9line Gardel, fondatrice de l\u2019association Les 4 Pattounes, refuse d\u2019accepter. \u00c0 Plaisance-du-Touch, au nord de Toulouse, elle porte un projet in\u00e9dit : un centre d\u2019accueil exclusivement d\u00e9di\u00e9 aux animaux victimes de violences, dont l\u2019ouverture est pr\u00e9vue d\u00e9but 2026. [\/et_pb_text][et_pb_button button_url=\u00a0\u00bbhttps:\/\/www.ladepeche.fr\/2025\/12\/25\/savoir-quun-animal-peut-etre-rendu-a-son-bourreau-cest-insupportable-un-refuge-unique-en-france-pour-les-victimes-de-maltraitances-13126339.php\u00a0\u00bb url_new_window=\u00a0\u00bbon\u00a0\u00bb button_text=\u00a0\u00bbLire l&rsquo;article\u00a0\u00bb _builder_version=\u00a0\u00bb4.27.5&Prime; _module_preset=\u00a0\u00bbdefault\u00a0\u00bb custom_button=\u00a0\u00bbon\u00a0\u00bb button_text_size=\u00a0\u00bb15px\u00a0\u00bb button_text_color=\u00a0\u00bb#F4F4F4&Prime; button_bg_color=\u00a0\u00bb#022F6B\u00a0\u00bb button_border_width=\u00a0\u00bb0px\u00a0\u00bb button_border_radius=\u00a0\u00bb10px\u00a0\u00bb button_font=\u00a0\u00bb|600|||||||\u00a0\u00bb custom_margin=\u00a0\u00bb14px||21px|||\u00a0\u00bb global_colors_info=\u00a0\u00bb{}\u00a0\u00bb][\/et_pb_button][et_pb_divider _builder_version=\u00a0\u00bb4.27.4&Prime; _module_preset=\u00a0\u00bbdefault\u00a0\u00bb custom_margin=\u00a0\u00bb||-20px|||\u00a0\u00bb global_colors_info=\u00a0\u00bb{}\u00a0\u00bb][\/et_pb_divider][et_pb_text _builder_version=\u00a0\u00bb4.27.5&Prime; _module_preset=\u00a0\u00bbdefault\u00a0\u00bb min_height=\u00a0\u00bb110.6px\u00a0\u00bb custom_margin=\u00a0\u00bb||6px|||\u00a0\u00bb custom_padding=\u00a0\u00bb13px|||||\u00a0\u00bb global_colors_info=\u00a0\u00bb{}\u00a0\u00bb]<\/p>\n<h1 class=\"bt_bb_headline_tag\"><span class=\"bt_bb_headline_content\"><span>Une capitaine de police \u00e0 l\u2019honneur d\u2019une grande brocante solidaire \u00e0 Toulouse<\/h1>\n<p>Dimanche 21 d\u00e9cembre, 35 exposants professionnels s\u2019installent sur les all\u00e9es Fran\u00e7ois-Verdier \u00e0 Toulouse. Cette ann\u00e9e, l\u2019association Les 4 Pattounes a \u00e9t\u00e9 retenue pour sensibiliser le public \u00e0 la cause animale. [\/et_pb_text][et_pb_button button_url=\u00a0\u00bbhttps:\/\/www.ladepeche.fr\/2025\/12\/20\/une-capitaine-de-police-a-lhonneur-dune-grande-brocante-solidaire-a-toulouse-13119539.php?fbclid=IwZXh0bgNhZW0CMTEAc3J0YwZhcHBfaWQQMjIyMDM5MTc4ODIwMDg5MgABHtUm3EvpcrvkevZoa-dP_DuKU4tAS21mnv9h2Lgv_RoAhHBj-9N4QuXW5acW_aem_3RazUr9K4ieq5IWR2t0ynQ\u00a0\u00bb url_new_window=\u00a0\u00bbon\u00a0\u00bb button_text=\u00a0\u00bbLire l&rsquo;article\u00a0\u00bb _builder_version=\u00a0\u00bb4.27.5&Prime; _module_preset=\u00a0\u00bbdefault\u00a0\u00bb custom_button=\u00a0\u00bbon\u00a0\u00bb button_text_size=\u00a0\u00bb15px\u00a0\u00bb button_text_color=\u00a0\u00bb#F4F4F4&Prime; button_bg_color=\u00a0\u00bb#022F6B\u00a0\u00bb button_border_width=\u00a0\u00bb0px\u00a0\u00bb button_border_radius=\u00a0\u00bb10px\u00a0\u00bb button_font=\u00a0\u00bb|600|||||||\u00a0\u00bb custom_margin=\u00a0\u00bb14px||21px|||\u00a0\u00bb global_colors_info=\u00a0\u00bb{}\u00a0\u00bb][\/et_pb_button][et_pb_divider _builder_version=\u00a0\u00bb4.27.4&Prime; _module_preset=\u00a0\u00bbdefault\u00a0\u00bb custom_margin=\u00a0\u00bb||-20px|||\u00a0\u00bb global_colors_info=\u00a0\u00bb{}\u00a0\u00bb][\/et_pb_divider][et_pb_text _builder_version=\u00a0\u00bb4.27.4&Prime; _module_preset=\u00a0\u00bbdefault\u00a0\u00bb min_height=\u00a0\u00bb110.6px\u00a0\u00bb custom_margin=\u00a0\u00bb||6px|||\u00a0\u00bb custom_padding=\u00a0\u00bb13px|||||\u00a0\u00bb global_colors_info=\u00a0\u00bb{}\u00a0\u00bb]<\/p>\n<h1 class=\"bt_bb_headline_tag\"><span class=\"bt_bb_headline_content\"><span>\u201cRegarder par le trou de serrure ce qu&rsquo;il y a de plus glauque dans notre soci\u00e9t\u00e9\u00a0\u00bb, la maltraitance animale analys\u00e9e dans un livre<\/span><\/span><\/h1>\n<p>C&rsquo;est un ph\u00e9nom\u00e8ne souvent sous-estim\u00e9, sur lequel il peut \u00eatre facile de d\u00e9tourner le regard, mais la maltraitance animale est souvent en lien avec la maltraitance intrafamiliale. Le livre \u00ab\u00a0Capitaine des animaux\u00a0\u00bb permet de sensibiliser \u00e0 cette r\u00e9alit\u00e9 tr\u00e8s largement ignor\u00e9e.[\/et_pb_text][et_pb_button button_url=\u00a0\u00bbhttps:\/\/france3-regions.franceinfo.fr\/occitanie\/haute-garonne\/toulouse\/regarder-par-le-trou-de-serrure-ce-qu-il-y-a-de-plus-glauque-dans-notre-societe-la-maltraitance-animale-analysee-dans-un-livre-3233741.html\u00a0\u00bb url_new_window=\u00a0\u00bbon\u00a0\u00bb button_text=\u00a0\u00bbLire l&rsquo;article\u00a0\u00bb _builder_version=\u00a0\u00bb4.27.4&Prime; _module_preset=\u00a0\u00bbdefault\u00a0\u00bb custom_button=\u00a0\u00bbon\u00a0\u00bb button_text_size=\u00a0\u00bb15px\u00a0\u00bb button_text_color=\u00a0\u00bb#F4F4F4&Prime; button_bg_color=\u00a0\u00bb#022F6B\u00a0\u00bb button_border_width=\u00a0\u00bb0px\u00a0\u00bb button_border_radius=\u00a0\u00bb10px\u00a0\u00bb button_font=\u00a0\u00bb|600|||||||\u00a0\u00bb custom_margin=\u00a0\u00bb14px||21px|||\u00a0\u00bb global_colors_info=\u00a0\u00bb{}\u00a0\u00bb][\/et_pb_button][et_pb_divider _builder_version=\u00a0\u00bb4.27.4&Prime; _module_preset=\u00a0\u00bbdefault\u00a0\u00bb custom_margin=\u00a0\u00bb||-20px|||\u00a0\u00bb global_colors_info=\u00a0\u00bb{}\u00a0\u00bb][\/et_pb_divider][et_pb_text _builder_version=\u00a0\u00bb4.27.4&Prime; _module_preset=\u00a0\u00bbdefault\u00a0\u00bb min_height=\u00a0\u00bb110.6px\u00a0\u00bb custom_margin=\u00a0\u00bb||6px|||\u00a0\u00bb custom_padding=\u00a0\u00bb13px|||||\u00a0\u00bb global_colors_info=\u00a0\u00bb{}\u00a0\u00bb]<\/p>\n<h1 class=\"bt_bb_headline_tag\"><span class=\"bt_bb_headline_content\"><span>\u201cCapitaine des animaux\u201d : C\u00e9line Gardel, capitaine de police et guerri\u00e8re des c\u0153urs battants<\/span><\/span><\/h1>\n<p>Le 16 octobre 2025 para\u00eetra\u00a0<em>Capitaine des animaux<\/em>\u00a0(Philippe Rey), un livre qui ne se lit pas seulement : il se vit. C\u00e9line Gardel, capitaine de police, y raconte son incroyable combat pour sauver ceux qui ne peuvent pas parler mais qui ressentent tout : les animaux.<\/p>\n<p>[\/et_pb_text][et_pb_button button_url=\u00a0\u00bbhttps:\/\/savoir-animal.fr\/capitaine-animaux-celine-gardel-capitaine-police-guerriere-coeurs-battants\/\u00a0\u00bb url_new_window=\u00a0\u00bbon\u00a0\u00bb button_text=\u00a0\u00bbLire l&rsquo;article\u00a0\u00bb _builder_version=\u00a0\u00bb4.27.4&Prime; _module_preset=\u00a0\u00bbdefault\u00a0\u00bb custom_button=\u00a0\u00bbon\u00a0\u00bb button_text_size=\u00a0\u00bb15px\u00a0\u00bb button_text_color=\u00a0\u00bb#F4F4F4&Prime; button_bg_color=\u00a0\u00bb#022F6B\u00a0\u00bb button_border_width=\u00a0\u00bb0px\u00a0\u00bb button_border_radius=\u00a0\u00bb10px\u00a0\u00bb button_font=\u00a0\u00bb|600|||||||\u00a0\u00bb custom_margin=\u00a0\u00bb14px||46px|||\u00a0\u00bb global_colors_info=\u00a0\u00bb{}\u00a0\u00bb][\/et_pb_button][et_pb_video src=\u00a0\u00bbhttps:\/\/www.youtube.com\/watch?v=MhbDh9wYMRI\u00a0\u00bb _builder_version=\u00a0\u00bb4.27.4&Prime; _module_preset=\u00a0\u00bbdefault\u00a0\u00bb global_colors_info=\u00a0\u00bb{}\u00a0\u00bb][\/et_pb_video][\/et_pb_column][\/et_pb_row][et_pb_row _builder_version=\u00a0\u00bb4.27.4&Prime; _module_preset=\u00a0\u00bbdefault\u00a0\u00bb global_colors_info=\u00a0\u00bb{}\u00a0\u00bb][et_pb_column type=\u00a0\u00bb4_4&Prime; _builder_version=\u00a0\u00bb4.27.4&Prime; _module_preset=\u00a0\u00bbdefault\u00a0\u00bb global_colors_info=\u00a0\u00bb{}\u00a0\u00bb][et_pb_text _builder_version=\u00a0\u00bb4.27.4&Prime; _module_preset=\u00a0\u00bbdefault\u00a0\u00bb min_height=\u00a0\u00bb110.6px\u00a0\u00bb custom_margin=\u00a0\u00bb||6px|||\u00a0\u00bb custom_padding=\u00a0\u00bb13px|||||\u00a0\u00bb global_colors_info=\u00a0\u00bb{}\u00a0\u00bb]<\/p>\n<h2 class=\"headArticle__title\">\u00ab\u00a0Laisser son animal seul pendant 48h \u00e0 son domicile, c&rsquo;est un abandon\u00a0\u00bb, une pratique fr\u00e9quente d\u00e9nonc\u00e9e par cette association<\/h2>\n<p>Pendant les vacances d&rsquo;\u00e9t\u00e9, le nombre d&rsquo;abandons d&rsquo;animaux dans les refuges ou \u00ab\u00a0simplement attach\u00e9s \u00e0 un arbre\u00a0\u00bb s&rsquo;amplifie. C&rsquo;est l&rsquo;occasion de faire un point sur ce que dit la loi avec la pr\u00e9sidente de l&rsquo;association toulousaine \u00ab\u00a0les 4 pattounes\u00a0\u00bb.[\/et_pb_text][et_pb_button button_url=\u00a0\u00bbhttps:\/\/france3-regions.franceinfo.fr\/occitanie\/haute-garonne\/toulouse\/laisser-son-animal-seul-pendant-48h-a-son-domicile-c-est-un-abandon-une-pratique-frequente-denoncee-par-cette-association-3188700.html?fbclid=IwZXh0bgNhZW0CMTEAAR45THTxwu1iSaBCyZmSJ7RyixXBjYRLphpDyT9tatRKxyyffQrB7qIH9XUUnA_aem_Otf6G_cha7xofTXo09Midg\u00a0\u00bb url_new_window=\u00a0\u00bbon\u00a0\u00bb button_text=\u00a0\u00bbLire l&rsquo;article\u00a0\u00bb _builder_version=\u00a0\u00bb4.27.4&Prime; _module_preset=\u00a0\u00bbdefault\u00a0\u00bb custom_button=\u00a0\u00bbon\u00a0\u00bb button_text_size=\u00a0\u00bb15px\u00a0\u00bb button_text_color=\u00a0\u00bb#F4F4F4&Prime; button_bg_color=\u00a0\u00bb#022F6B\u00a0\u00bb button_border_width=\u00a0\u00bb0px\u00a0\u00bb button_border_radius=\u00a0\u00bb10px\u00a0\u00bb button_font=\u00a0\u00bb|600|||||||\u00a0\u00bb custom_margin=\u00a0\u00bb14px|||||\u00a0\u00bb global_colors_info=\u00a0\u00bb{}\u00a0\u00bb][\/et_pb_button][et_pb_divider _builder_version=\u00a0\u00bb4.27.4&Prime; _module_preset=\u00a0\u00bbdefault\u00a0\u00bb custom_margin=\u00a0\u00bb||-20px|||\u00a0\u00bb global_colors_info=\u00a0\u00bb{}\u00a0\u00bb][\/et_pb_divider][et_pb_text _builder_version=\u00a0\u00bb4.27.4&Prime; _module_preset=\u00a0\u00bbdefault\u00a0\u00bb custom_margin=\u00a0\u00bb||6px|||\u00a0\u00bb custom_padding=\u00a0\u00bb17px|||||\u00a0\u00bb global_colors_info=\u00a0\u00bb{}\u00a0\u00bb]<\/p>\n<h2 class=\"article-full__title\">Ils ont trouv\u00e9 \u00e7a pas bien, ils ont dit que j&rsquo;avais abandonn\u00e9 mes chiens\u00a0\u00bb, un stage obligatoire sensibilise \u00e0 la maltraitance animale<\/h2>\n<p>La maltraitance animale rentre de plus en plus dans le p\u00e9rim\u00e8tre de la justice fran\u00e7aise. Un stage de sensibilisation obligatoire, pour des auteurs de ce d\u00e9lit, a eu lieu \u00e0 Saint-Gaudens (Haute-Garonne).[\/et_pb_text][et_pb_button button_url=\u00a0\u00bbhttps:\/\/france3-regions.franceinfo.fr\/occitanie\/haute-garonne\/toulouse\/ils-ont-trouve-ca-pas-bien-ils-ont-dit-que-j-avais-abandonne-mes-chiens-un-stage-obligatoire-sensibilise-a-la-maltraitance-animale-3174621.html\u00a0\u00bb url_new_window=\u00a0\u00bbon\u00a0\u00bb button_text=\u00a0\u00bbLire l&rsquo;article\u00a0\u00bb _builder_version=\u00a0\u00bb4.27.4&Prime; _module_preset=\u00a0\u00bbdefault\u00a0\u00bb custom_button=\u00a0\u00bbon\u00a0\u00bb button_text_size=\u00a0\u00bb15px\u00a0\u00bb button_text_color=\u00a0\u00bb#F4F4F4&Prime; button_bg_color=\u00a0\u00bb#022F6B\u00a0\u00bb button_border_width=\u00a0\u00bb0px\u00a0\u00bb button_border_radius=\u00a0\u00bb10px\u00a0\u00bb button_font=\u00a0\u00bb|600|||||||\u00a0\u00bb custom_margin=\u00a0\u00bb14px|||||\u00a0\u00bb global_colors_info=\u00a0\u00bb{}\u00a0\u00bb][\/et_pb_button][et_pb_divider _builder_version=\u00a0\u00bb4.27.4&Prime; _module_preset=\u00a0\u00bbdefault\u00a0\u00bb custom_margin=\u00a0\u00bb||-20px|||\u00a0\u00bb global_colors_info=\u00a0\u00bb{}\u00a0\u00bb][\/et_pb_divider][et_pb_text _builder_version=\u00a0\u00bb4.27.4&Prime; _module_preset=\u00a0\u00bbdefault\u00a0\u00bb min_height=\u00a0\u00bb110.6px\u00a0\u00bb custom_margin=\u00a0\u00bb||6px|||\u00a0\u00bb custom_padding=\u00a0\u00bb13px|||||\u00a0\u00bb global_colors_info=\u00a0\u00bb{}\u00a0\u00bb]<\/p>\n<h2 class=\"headArticle__title\">\u00ab\u00a0Les animaux ont une capacit\u00e9 de r\u00e9silience extraordinaire\u00a0\u00bb, selon la pr\u00e9sidente de l\u2019asso Les 4 Pattounes<\/h2>\n<p>C\u00e9line Gardel est capitaine de police et pr\u00e9sidente de l\u2019association Les 4 Pattounes, qui \u0153uvre pour la protection des animaux. Elle a \u00e9voqu\u00e9 avec La D\u00e9p\u00eache les s\u00e9quelles d\u2019un abandon sur un animal. <\/p>\n<p>[\/et_pb_text][et_pb_button button_url=\u00a0\u00bbhttps:\/\/www.ladepeche.fr\/2025\/06\/27\/les-animaux-ont-une-capacite-de-resilience-extraordinaire-selon-la-presidente-de-lasso-les-4-pattounes-12767907.php?fbclid=IwZXh0bgNhZW0CMTEAYnJpZBEwVHNLQnZ0aVhNSzczZ2pYegEeqjbfzKyGroVFqre4LrFvMuBXDmQc7GwnilNWEviUyCPbIncGpZR31-7hNeo_aem_-hBtfJVN2HhApmc7X6mxuw\u00a0\u00bb url_new_window=\u00a0\u00bbon\u00a0\u00bb button_text=\u00a0\u00bbLire l&rsquo;article\u00a0\u00bb _builder_version=\u00a0\u00bb4.27.4&Prime; _module_preset=\u00a0\u00bbdefault\u00a0\u00bb custom_button=\u00a0\u00bbon\u00a0\u00bb button_text_size=\u00a0\u00bb15px\u00a0\u00bb button_text_color=\u00a0\u00bb#F4F4F4&Prime; button_bg_color=\u00a0\u00bb#022F6B\u00a0\u00bb button_border_width=\u00a0\u00bb0px\u00a0\u00bb button_border_radius=\u00a0\u00bb10px\u00a0\u00bb button_font=\u00a0\u00bb|600|||||||\u00a0\u00bb custom_margin=\u00a0\u00bb14px|||||\u00a0\u00bb global_colors_info=\u00a0\u00bb{}\u00a0\u00bb][\/et_pb_button][et_pb_divider _builder_version=\u00a0\u00bb4.27.4&Prime; _module_preset=\u00a0\u00bbdefault\u00a0\u00bb custom_margin=\u00a0\u00bb||-20px|||\u00a0\u00bb global_colors_info=\u00a0\u00bb{}\u00a0\u00bb][\/et_pb_divider][\/et_pb_column][\/et_pb_row][et_pb_row _builder_version=\u00a0\u00bb4.27.4&Prime; _module_preset=\u00a0\u00bbdefault\u00a0\u00bb custom_padding=\u00a0\u00bb6px|||||\u00a0\u00bb global_colors_info=\u00a0\u00bb{}\u00a0\u00bb][et_pb_column type=\u00a0\u00bb4_4&Prime; _builder_version=\u00a0\u00bb4.27.4&Prime; _module_preset=\u00a0\u00bbdefault\u00a0\u00bb global_colors_info=\u00a0\u00bb{}\u00a0\u00bb][et_pb_text _builder_version=\u00a0\u00bb4.27.4&Prime; _module_preset=\u00a0\u00bbdefault\u00a0\u00bb custom_margin=\u00a0\u00bb||6px|||\u00a0\u00bb global_colors_info=\u00a0\u00bb{}\u00a0\u00bb]<\/p>\n<h2 class=\"article-full__title\">Le chien est jet\u00e9 par la fen\u00eatre, une association de d\u00e9fense animale porte plainte pour s\u00e9vices graves<\/h2>\n<p>\u00c0 Colomiers, au nord de Toulouse, un jeune \u00e9pagneul breton a \u00e9t\u00e9 projet\u00e9 par la fen\u00eatre d\u2019un rez-de-jardin sous les yeux de passants. L\u2019association Les 4 Pattounes a port\u00e9 plainte pour maltraitance animale.<\/p>\n<p>[\/et_pb_text][et_pb_button button_url=\u00a0\u00bbhttps:\/\/www.ladepeche.fr\/2025\/05\/07\/le-chien-est-jete-par-la-fenetre-une-association-de-defense-animale-porte-plainte-pour-sevices-graves-12681733.php\u00a0\u00bb url_new_window=\u00a0\u00bbon\u00a0\u00bb button_text=\u00a0\u00bbLire l&rsquo;article\u00a0\u00bb _builder_version=\u00a0\u00bb4.27.4&Prime; _module_preset=\u00a0\u00bbdefault\u00a0\u00bb custom_button=\u00a0\u00bbon\u00a0\u00bb button_text_size=\u00a0\u00bb15px\u00a0\u00bb button_text_color=\u00a0\u00bb#F4F4F4&Prime; button_bg_color=\u00a0\u00bb#022F6B\u00a0\u00bb button_border_width=\u00a0\u00bb0px\u00a0\u00bb button_border_radius=\u00a0\u00bb10px\u00a0\u00bb button_font=\u00a0\u00bb|600|||||||\u00a0\u00bb custom_margin=\u00a0\u00bb14px|||||\u00a0\u00bb global_colors_info=\u00a0\u00bb{}\u00a0\u00bb][\/et_pb_button][et_pb_divider _builder_version=\u00a0\u00bb4.27.4&Prime; _module_preset=\u00a0\u00bbdefault\u00a0\u00bb custom_margin=\u00a0\u00bb||-20px|||\u00a0\u00bb global_colors_info=\u00a0\u00bb{}\u00a0\u00bb][\/et_pb_divider][et_pb_text _builder_version=\u00a0\u00bb4.27.4&Prime; _module_preset=\u00a0\u00bbdefault\u00a0\u00bb min_height=\u00a0\u00bb110.6px\u00a0\u00bb custom_margin=\u00a0\u00bb||6px|||\u00a0\u00bb custom_padding=\u00a0\u00bb13px|||||\u00a0\u00bb global_colors_info=\u00a0\u00bb{}\u00a0\u00bb]<\/p>\n<h2 class=\"headArticle__title\">\u00ab\u00a0Soulager des refuges satur\u00e9s\u00a0\u00bb : un pavillon d&rsquo;accueil pour chiens maltrait\u00e9s, dont le lieu est gard\u00e9 secret, ouvre ses portes, une premi\u00e8re en France<\/h2>\n<p>C\u2019est une premi\u00e8re en France. Dans quelques semaines, un refuge pour chiens maltrait\u00e9s ouvrira ses portes dans le Gers.<\/p>\n<p>[\/et_pb_text][et_pb_button button_url=\u00a0\u00bbhttps:\/\/france3-regions.franceinfo.fr\/occitanie\/gers\/auch\/soulager-des-refuges-satures-un-pavillon-d-accueil-pour-chiens-maltraites-dont-le-lieu-est-garde-secret-ouvre-ses-portes-une-premiere-en-france-3123667.html\u00a0\u00bb url_new_window=\u00a0\u00bbon\u00a0\u00bb button_text=\u00a0\u00bbLire l&rsquo;article\u00a0\u00bb _builder_version=\u00a0\u00bb4.27.4&Prime; _module_preset=\u00a0\u00bbdefault\u00a0\u00bb custom_button=\u00a0\u00bbon\u00a0\u00bb button_text_size=\u00a0\u00bb15px\u00a0\u00bb button_text_color=\u00a0\u00bb#F4F4F4&Prime; button_bg_color=\u00a0\u00bb#022F6B\u00a0\u00bb button_border_width=\u00a0\u00bb0px\u00a0\u00bb button_border_radius=\u00a0\u00bb10px\u00a0\u00bb button_font=\u00a0\u00bb|600|||||||\u00a0\u00bb custom_margin=\u00a0\u00bb14px|||||\u00a0\u00bb global_colors_info=\u00a0\u00bb{}\u00a0\u00bb][\/et_pb_button][et_pb_divider _builder_version=\u00a0\u00bb4.27.4&Prime; _module_preset=\u00a0\u00bbdefault\u00a0\u00bb custom_margin=\u00a0\u00bb||-20px|||\u00a0\u00bb global_colors_info=\u00a0\u00bb{}\u00a0\u00bb][\/et_pb_divider][\/et_pb_column][\/et_pb_row][et_pb_row _builder_version=\u00a0\u00bb4.27.4&Prime; _module_preset=\u00a0\u00bbdefault\u00a0\u00bb custom_padding=\u00a0\u00bb10px|||||\u00a0\u00bb global_colors_info=\u00a0\u00bb{}\u00a0\u00bb][et_pb_column type=\u00a0\u00bb4_4&Prime; _builder_version=\u00a0\u00bb4.27.4&Prime; _module_preset=\u00a0\u00bbdefault\u00a0\u00bb global_colors_info=\u00a0\u00bb{}\u00a0\u00bb][et_pb_text _builder_version=\u00a0\u00bb4.27.4&Prime; _module_preset=\u00a0\u00bbdefault\u00a0\u00bb custom_margin=\u00a0\u00bb-17px||6px|||\u00a0\u00bb global_colors_info=\u00a0\u00bb{}\u00a0\u00bb]<\/p>\n<h2 class=\"article-full__title\"><span style=\"font-size: 32px; line-height: 32px;\">ASSOCIATION NATIONALE DES RETRAIT\u00c9S, DES ACTIFS ET DES AMIS DE LA POLICE<\/span><\/h2>\n<p>L\u2019association Les 4 pattounes a \u00e9t\u00e9 cr\u00e9\u00e9e en mai 2019 par C\u00e9line GARDEL, Chef du P\u00f4le Soutien et Programmation au sein de l\u2019Ecole Nationale Sup\u00e9rieure d\u2019Application de la Police Nationale, ses objectifs : sensibiliser la jeune g\u00e9n\u00e9ration sur les abandons et lutter contre la maltraitance animale avec le r\u00e9seau des Forces de l\u2019Ordre.<\/p>\n<p>[\/et_pb_text][et_pb_button button_url=\u00a0\u00bbhttps:\/\/www.anrp.fr\/lassociation-les-4-pattounes\/\u00a0\u00bb url_new_window=\u00a0\u00bbon\u00a0\u00bb button_text=\u00a0\u00bbLire l&rsquo;article\u00a0\u00bb _builder_version=\u00a0\u00bb4.27.4&Prime; _module_preset=\u00a0\u00bbdefault\u00a0\u00bb custom_button=\u00a0\u00bbon\u00a0\u00bb button_text_size=\u00a0\u00bb15px\u00a0\u00bb button_text_color=\u00a0\u00bb#F4F4F4&Prime; button_bg_color=\u00a0\u00bb#022F6B\u00a0\u00bb button_border_width=\u00a0\u00bb0px\u00a0\u00bb button_border_radius=\u00a0\u00bb10px\u00a0\u00bb button_font=\u00a0\u00bb|600|||||||\u00a0\u00bb custom_margin=\u00a0\u00bb14px|||||\u00a0\u00bb global_colors_info=\u00a0\u00bb{}\u00a0\u00bb][\/et_pb_button][et_pb_divider _builder_version=\u00a0\u00bb4.27.4&Prime; _module_preset=\u00a0\u00bbdefault\u00a0\u00bb custom_margin=\u00a0\u00bb||-20px|||\u00a0\u00bb global_colors_info=\u00a0\u00bb{}\u00a0\u00bb][\/et_pb_divider][\/et_pb_column][\/et_pb_row][et_pb_row _builder_version=\u00a0\u00bb4.27.4&Prime; _module_preset=\u00a0\u00bbdefault\u00a0\u00bb custom_padding=\u00a0\u00bb7px|||||\u00a0\u00bb global_colors_info=\u00a0\u00bb{}\u00a0\u00bb][et_pb_column type=\u00a0\u00bb4_4&Prime; _builder_version=\u00a0\u00bb4.27.4&Prime; _module_preset=\u00a0\u00bbdefault\u00a0\u00bb global_colors_info=\u00a0\u00bb{}\u00a0\u00bb][et_pb_text _builder_version=\u00a0\u00bb4.27.4&Prime; _module_preset=\u00a0\u00bbdefault\u00a0\u00bb custom_margin=\u00a0\u00bb-9px||6px|||\u00a0\u00bb global_colors_info=\u00a0\u00bb{}\u00a0\u00bb]<\/p>\n<h2 class=\"title_xl col margin_bottom_headline\"><span class=\"bt_bb_headline_content\"><span>Un refuge pilote \u00ab\u202fcocooning\u202f\u00bb pour animaux maltrait\u00e9s voit le jour dans le Gers<\/span><\/span><\/h2>\n<p>Un havre de paix in\u00e9dit s\u2019appr\u00eate \u00e0 ouvrir ses portes en pleine campagne gersoise, sous forme de petits chalets d\u2019accueil pour les animaux victimes de maltraitance confisqu\u00e9s sur d\u00e9cision de justice.<\/p>\n<p>[\/et_pb_text][et_pb_button button_url=\u00a0\u00bbhttps:\/\/savoir-animal.fr\/un-refuge-pilote-cocooning-pour-animaux-maltraites-voit-jour-dans-gers\/\u00a0\u00bb url_new_window=\u00a0\u00bbon\u00a0\u00bb button_text=\u00a0\u00bbLire l&rsquo;article\u00a0\u00bb _builder_version=\u00a0\u00bb4.27.4&Prime; _module_preset=\u00a0\u00bbdefault\u00a0\u00bb custom_button=\u00a0\u00bbon\u00a0\u00bb button_text_size=\u00a0\u00bb15px\u00a0\u00bb button_text_color=\u00a0\u00bb#F4F4F4&Prime; button_bg_color=\u00a0\u00bb#022F6B\u00a0\u00bb button_border_width=\u00a0\u00bb0px\u00a0\u00bb button_border_radius=\u00a0\u00bb10px\u00a0\u00bb button_font=\u00a0\u00bb|600|||||||\u00a0\u00bb custom_margin=\u00a0\u00bb14px|||||\u00a0\u00bb global_colors_info=\u00a0\u00bb{}\u00a0\u00bb][\/et_pb_button][et_pb_divider _builder_version=\u00a0\u00bb4.27.4&Prime; _module_preset=\u00a0\u00bbdefault\u00a0\u00bb custom_margin=\u00a0\u00bb||-20px|||\u00a0\u00bb global_colors_info=\u00a0\u00bb{}\u00a0\u00bb][\/et_pb_divider][et_pb_text _builder_version=\u00a0\u00bb4.27.4&Prime; _module_preset=\u00a0\u00bbdefault\u00a0\u00bb custom_margin=\u00a0\u00bb||6px|||\u00a0\u00bb custom_padding=\u00a0\u00bb16px|||||\u00a0\u00bb global_colors_info=\u00a0\u00bb{}\u00a0\u00bb]<\/p>\n<h2 class=\"title_xl col margin_bottom_headline\">\u00ab\u00a0Ils ont besoin de soins particuliers\u00a0\u00bb : dans le Gers, un premier refuge pour animaux maltrait\u00e9s va ouvrir<\/h2>\n<p>Pour la premi\u00e8re fois en France, un refuge sp\u00e9cialement consacr\u00e9 aux animaux victimes de s\u00e9vices et confisqu\u00e9s \u00e0 leurs propri\u00e9taires par la justice va ouvrir en juin dans le Gers.<\/p>\n<p>[\/et_pb_text][et_pb_button button_url=\u00a0\u00bbhttps:\/\/www.leparisien.fr\/gers-32\/ils-ont-besoin-de-soins-particuliers-dans-le-gers-un-premier-refuge-pour-animaux-maltraites-va-ouvrir-25-03-2025-7RKLWTBRORB77BFLCMMJFTPRSM.php\u00a0\u00bb url_new_window=\u00a0\u00bbon\u00a0\u00bb button_text=\u00a0\u00bbLire l&rsquo;article\u00a0\u00bb _builder_version=\u00a0\u00bb4.27.4&Prime; _module_preset=\u00a0\u00bbdefault\u00a0\u00bb custom_button=\u00a0\u00bbon\u00a0\u00bb button_text_size=\u00a0\u00bb15px\u00a0\u00bb button_text_color=\u00a0\u00bb#F4F4F4&Prime; button_bg_color=\u00a0\u00bb#022F6B\u00a0\u00bb button_border_width=\u00a0\u00bb0px\u00a0\u00bb button_border_radius=\u00a0\u00bb10px\u00a0\u00bb button_font=\u00a0\u00bb|600|||||||\u00a0\u00bb custom_margin=\u00a0\u00bb14px|||||\u00a0\u00bb global_colors_info=\u00a0\u00bb{}\u00a0\u00bb][\/et_pb_button][et_pb_divider _builder_version=\u00a0\u00bb4.27.4&Prime; _module_preset=\u00a0\u00bbdefault\u00a0\u00bb custom_margin=\u00a0\u00bb||-34px|||\u00a0\u00bb global_colors_info=\u00a0\u00bb{}\u00a0\u00bb][\/et_pb_divider][\/et_pb_column][\/et_pb_row][et_pb_row _builder_version=\u00a0\u00bb4.27.4&Prime; _module_preset=\u00a0\u00bbdefault\u00a0\u00bb custom_padding=\u00a0\u00bb5px|||||\u00a0\u00bb global_colors_info=\u00a0\u00bb{}\u00a0\u00bb][et_pb_column type=\u00a0\u00bb4_4&Prime; _builder_version=\u00a0\u00bb4.27.0&Prime; _module_preset=\u00a0\u00bbdefault\u00a0\u00bb global_colors_info=\u00a0\u00bb{}\u00a0\u00bb][et_pb_text _builder_version=\u00a0\u00bb4.27.4&Prime; _module_preset=\u00a0\u00bbdefault\u00a0\u00bb custom_margin=\u00a0\u00bb||6px|||\u00a0\u00bb global_colors_info=\u00a0\u00bb{}\u00a0\u00bb]<\/p>\n<h2>Un nouveau refuge pour les animaux va \u00eatre construit en Occitanie et il est in\u00e9dit en France<\/h2>\n<p>Un refuge pour animaux d&rsquo;un nouveau genre va bient\u00f4t voir le jour en Occitanie. Un mod\u00e8le destin\u00e9 \u00e0 \u00eatre d\u00e9velopp\u00e9 dans le reste de la France. On vous explique pourquoi.<\/p>\n<p>[\/et_pb_text][et_pb_button button_url=\u00a0\u00bbhttps:\/\/actu.fr\/societe\/un-nouveau-refuge-pour-les-animaux-va-etre-construit-en-occitanie-et-il-est-inedit-en-france_61885620.html\u00a0\u00bb url_new_window=\u00a0\u00bbon\u00a0\u00bb button_text=\u00a0\u00bbLire l&rsquo;article\u00a0\u00bb _builder_version=\u00a0\u00bb4.27.4&Prime; _module_preset=\u00a0\u00bbdefault\u00a0\u00bb custom_button=\u00a0\u00bbon\u00a0\u00bb button_text_size=\u00a0\u00bb15px\u00a0\u00bb button_text_color=\u00a0\u00bb#F4F4F4&Prime; button_bg_color=\u00a0\u00bb#022F6B\u00a0\u00bb button_border_width=\u00a0\u00bb0px\u00a0\u00bb button_border_radius=\u00a0\u00bb10px\u00a0\u00bb button_font=\u00a0\u00bb|600|||||||\u00a0\u00bb custom_margin=\u00a0\u00bb20px|||||\u00a0\u00bb global_colors_info=\u00a0\u00bb{}\u00a0\u00bb][\/et_pb_button][\/et_pb_column][\/et_pb_row][et_pb_row _builder_version=\u00a0\u00bb4.27.4&Prime; _module_preset=\u00a0\u00bbdefault\u00a0\u00bb custom_padding=\u00a0\u00bb5px||14px|||\u00a0\u00bb global_colors_info=\u00a0\u00bb{}\u00a0\u00bb][et_pb_column type=\u00a0\u00bb4_4&Prime; _builder_version=\u00a0\u00bb4.27.4&Prime; _module_preset=\u00a0\u00bbdefault\u00a0\u00bb global_colors_info=\u00a0\u00bb{}\u00a0\u00bb][et_pb_divider _builder_version=\u00a0\u00bb4.27.4&Prime; _module_preset=\u00a0\u00bbdefault\u00a0\u00bb custom_margin=\u00a0\u00bb||-20px|||\u00a0\u00bb global_colors_info=\u00a0\u00bb{}\u00a0\u00bb][\/et_pb_divider][\/et_pb_column][\/et_pb_row][et_pb_row _builder_version=\u00a0\u00bb4.27.4&Prime; _module_preset=\u00a0\u00bbdefault\u00a0\u00bb custom_padding=\u00a0\u00bb5px|||||\u00a0\u00bb global_colors_info=\u00a0\u00bb{}\u00a0\u00bb][et_pb_column type=\u00a0\u00bb4_4&Prime; _builder_version=\u00a0\u00bb4.27.0&Prime; _module_preset=\u00a0\u00bbdefault\u00a0\u00bb global_colors_info=\u00a0\u00bb{}\u00a0\u00bb][et_pb_text _builder_version=\u00a0\u00bb4.27.4&Prime; _module_preset=\u00a0\u00bbdefault\u00a0\u00bb custom_margin=\u00a0\u00bb||6px|||\u00a0\u00bb global_colors_info=\u00a0\u00bb{}\u00a0\u00bb]<\/p>\n<h2 class=\"entry-title\">Formation sur la maltraitance animale : un engagement des forces de l\u2019ordre<\/h2>\n<p>Le <strong>lundi 25 novembre<\/strong>, la <strong>Police municipale<\/strong> de Nogent-sur-Marne, ainsi que la <strong>Police nationale<\/strong>, ont suivi une formation dispens\u00e9e par l\u2019association <strong><em>Les 4 Pattounes<\/em><\/strong>, pr\u00e9sid\u00e9e par <strong>C\u00e9line Gardel<\/strong>, capitaine de la Police nationale et fondatrice de cette organisation d\u00e9di\u00e9e \u00e0 la cause animale.<\/p>\n<p>[\/et_pb_text][et_pb_button button_url=\u00a0\u00bbhttps:\/\/ville-nogentsurmarne.com\/formation-sur-la-maltraitance-animale-un-engagement-des-forces-de-lordre\/\u00a0\u00bb url_new_window=\u00a0\u00bbon\u00a0\u00bb button_text=\u00a0\u00bbLire l&rsquo;article\u00a0\u00bb _builder_version=\u00a0\u00bb4.27.4&Prime; _module_preset=\u00a0\u00bbdefault\u00a0\u00bb custom_button=\u00a0\u00bbon\u00a0\u00bb button_text_size=\u00a0\u00bb15px\u00a0\u00bb button_text_color=\u00a0\u00bb#F4F4F4&Prime; button_bg_color=\u00a0\u00bb#022F6B\u00a0\u00bb button_border_width=\u00a0\u00bb0px\u00a0\u00bb button_border_radius=\u00a0\u00bb10px\u00a0\u00bb button_font=\u00a0\u00bb|600|||||||\u00a0\u00bb custom_margin=\u00a0\u00bb20px|||||\u00a0\u00bb global_colors_info=\u00a0\u00bb{}\u00a0\u00bb][\/et_pb_button][\/et_pb_column][\/et_pb_row][et_pb_row _builder_version=\u00a0\u00bb4.27.4&Prime; _module_preset=\u00a0\u00bbdefault\u00a0\u00bb custom_padding=\u00a0\u00bb5px||14px|||\u00a0\u00bb global_colors_info=\u00a0\u00bb{}\u00a0\u00bb][et_pb_column type=\u00a0\u00bb4_4&Prime; _builder_version=\u00a0\u00bb4.27.4&Prime; _module_preset=\u00a0\u00bbdefault\u00a0\u00bb global_colors_info=\u00a0\u00bb{}\u00a0\u00bb][et_pb_divider _builder_version=\u00a0\u00bb4.27.4&Prime; _module_preset=\u00a0\u00bbdefault\u00a0\u00bb custom_margin=\u00a0\u00bb||-20px|||\u00a0\u00bb global_colors_info=\u00a0\u00bb{}\u00a0\u00bb][\/et_pb_divider][\/et_pb_column][\/et_pb_row][et_pb_row _builder_version=\u00a0\u00bb4.27.4&Prime; _module_preset=\u00a0\u00bbdefault\u00a0\u00bb custom_padding=\u00a0\u00bb5px|||||\u00a0\u00bb global_colors_info=\u00a0\u00bb{}\u00a0\u00bb][et_pb_column type=\u00a0\u00bb4_4&Prime; _builder_version=\u00a0\u00bb4.27.0&Prime; _module_preset=\u00a0\u00bbdefault\u00a0\u00bb global_colors_info=\u00a0\u00bb{}\u00a0\u00bb][et_pb_text _builder_version=\u00a0\u00bb4.27.4&Prime; _module_preset=\u00a0\u00bbdefault\u00a0\u00bb custom_margin=\u00a0\u00bb||6px|||\u00a0\u00bb global_colors_info=\u00a0\u00bb{}\u00a0\u00bb]<\/p>\n<h2 class=\"the_title  titleActu \">Protection animale : mais que fait la police (du monde entier)\u00a0?<\/h2>\n<p>Lors de la derni\u00e8re journ\u00e9e mondiale des animaux, le 4 octobre 2024, un \u00e9v\u00e8nement unique a \u00e9t\u00e9 organis\u00e9 par l\u2019ONG <a href=\"https:\/\/worldanimaljustice.org\/\" target=\"_blank\" rel=\"noreferrer noopener\">World Animal Justice<\/a> et l\u2019association fran\u00e7aise <a href=\"https:\/\/les4pattounes.org\/les4pattorg\/\" target=\"_blank\" rel=\"noreferrer noopener\">Les 4 Pattounes<\/a> dirig\u00e9e par la capitaine de police C\u00e9line Gardel. Ce webinaire (replay <a href=\"https:\/\/youtu.be\/GQqg2Rfvloc\" target=\"_blank\" rel=\"noreferrer noopener\">ici<\/a> et en fran\u00e7ais <a href=\"https:\/\/www.youtube.com\/watch?v=rzdXm2iV8Aw\" target=\"_blank\" rel=\"noreferrer noopener\">ici<\/a>), a r\u00e9uni des officiers de police de 5 pays (France, USA, GB, Belgique, Suisse), fortement engag\u00e9s.<\/p>\n<p>[\/et_pb_text][et_pb_button button_url=\u00a0\u00bbhttps:\/\/www.defensedelanimal.fr\/actualites\/protection-animale-mais-que-fait-la-police-du-monde-entier\/\u00a0\u00bb url_new_window=\u00a0\u00bbon\u00a0\u00bb button_text=\u00a0\u00bbLire l&rsquo;article\u00a0\u00bb _builder_version=\u00a0\u00bb4.27.4&Prime; _module_preset=\u00a0\u00bbdefault\u00a0\u00bb custom_button=\u00a0\u00bbon\u00a0\u00bb button_text_size=\u00a0\u00bb15px\u00a0\u00bb button_text_color=\u00a0\u00bb#F4F4F4&Prime; button_bg_color=\u00a0\u00bb#022F6B\u00a0\u00bb button_border_width=\u00a0\u00bb0px\u00a0\u00bb button_border_radius=\u00a0\u00bb10px\u00a0\u00bb button_font=\u00a0\u00bb|600|||||||\u00a0\u00bb custom_margin=\u00a0\u00bb20px|||||\u00a0\u00bb global_colors_info=\u00a0\u00bb{}\u00a0\u00bb][\/et_pb_button][\/et_pb_column][\/et_pb_row][et_pb_row _builder_version=\u00a0\u00bb4.27.4&Prime; _module_preset=\u00a0\u00bbdefault\u00a0\u00bb custom_padding=\u00a0\u00bb5px||14px|||\u00a0\u00bb global_colors_info=\u00a0\u00bb{}\u00a0\u00bb][et_pb_column type=\u00a0\u00bb4_4&Prime; _builder_version=\u00a0\u00bb4.27.4&Prime; _module_preset=\u00a0\u00bbdefault\u00a0\u00bb global_colors_info=\u00a0\u00bb{}\u00a0\u00bb][et_pb_divider _builder_version=\u00a0\u00bb4.27.4&Prime; _module_preset=\u00a0\u00bbdefault\u00a0\u00bb custom_margin=\u00a0\u00bb||-20px|||\u00a0\u00bb global_colors_info=\u00a0\u00bb{}\u00a0\u00bb][\/et_pb_divider][\/et_pb_column][\/et_pb_row][et_pb_row _builder_version=\u00a0\u00bb4.27.4&Prime; _module_preset=\u00a0\u00bbdefault\u00a0\u00bb custom_padding=\u00a0\u00bb5px|||||\u00a0\u00bb global_colors_info=\u00a0\u00bb{}\u00a0\u00bb][et_pb_column type=\u00a0\u00bb4_4&Prime; _builder_version=\u00a0\u00bb4.27.0&Prime; _module_preset=\u00a0\u00bbdefault\u00a0\u00bb global_colors_info=\u00a0\u00bb{}\u00a0\u00bb][et_pb_text _builder_version=\u00a0\u00bb4.27.4&Prime; _module_preset=\u00a0\u00bbdefault\u00a0\u00bb custom_margin=\u00a0\u00bb||6px|||\u00a0\u00bb global_colors_info=\u00a0\u00bb{}\u00a0\u00bb]<\/p>\n<h2 class=\"title_xl col margin_bottom_headline\">\u00cele-de-France : faute de place dans les refuges, \u00ab on rend des chiens maltrait\u00e9s \u00e0 leurs propri\u00e9taires \u00bb<\/h2>\n<p>\u00ab C\u2019est bien simple, on ne peut plus travailler \u00bb, l\u00e2che un policier. Faute de place, les acteurs de la protection animale n\u2019ont plus de solution pour prendre en charge les animaux victimes de maltraitance. \u00ab Dans certaines proc\u00e9dures, on rend le chien \u00e0 son propri\u00e9taire parce qu\u2019on ne sait pas o\u00f9 le mettre \u00bb, soupire C\u00e9line Gardel, capitaine de police et fondatrice de l\u2019association les 4 Pattounes, qui a notamment <a href=\"https:\/\/www.leparisien.fr\/val-d-oise-95\/dans-le-val-doise-des-policiers-formes-a-la-maltraitance-animale-les-chiens-cest-notre-quotidien-14-02-2023-UFKXGWCUXZBUNIEMOSK65ZELUY.php\" target=\"_blank\" data-original-fontsize=\"20px\" data-original-lineheight=\"30px\" rel=\"noopener\">form\u00e9 5 200 policiers et gendarmes \u00e0 intervenir sur les cas de maltraitance animale<\/a>.<\/p>\n<p>[\/et_pb_text][et_pb_button button_url=\u00a0\u00bbhttps:\/\/www.leparisien.fr\/faits-divers\/ile-de-france-faute-de-place-dans-les-refuges-on-rend-des-chiens-maltraites-a-leurs-proprietaires-12-09-2024-MQLRZHRZJBBTFO6R4FXKHRGMPE.php?xtor=AD-366&Prime; url_new_window=\u00a0\u00bbon\u00a0\u00bb button_text=\u00a0\u00bbLire l&rsquo;article\u00a0\u00bb _builder_version=\u00a0\u00bb4.27.4&Prime; _module_preset=\u00a0\u00bbdefault\u00a0\u00bb custom_button=\u00a0\u00bbon\u00a0\u00bb button_text_size=\u00a0\u00bb15px\u00a0\u00bb button_text_color=\u00a0\u00bb#F4F4F4&Prime; button_bg_color=\u00a0\u00bb#022F6B\u00a0\u00bb button_border_width=\u00a0\u00bb0px\u00a0\u00bb button_border_radius=\u00a0\u00bb10px\u00a0\u00bb button_font=\u00a0\u00bb|600|||||||\u00a0\u00bb custom_margin=\u00a0\u00bb20px|||||\u00a0\u00bb global_colors_info=\u00a0\u00bb{}\u00a0\u00bb][\/et_pb_button][\/et_pb_column][\/et_pb_row][et_pb_row _builder_version=\u00a0\u00bb4.27.4&Prime; _module_preset=\u00a0\u00bbdefault\u00a0\u00bb custom_padding=\u00a0\u00bb5px||14px|||\u00a0\u00bb global_colors_info=\u00a0\u00bb{}\u00a0\u00bb][et_pb_column type=\u00a0\u00bb4_4&Prime; _builder_version=\u00a0\u00bb4.27.4&Prime; _module_preset=\u00a0\u00bbdefault\u00a0\u00bb global_colors_info=\u00a0\u00bb{}\u00a0\u00bb][et_pb_divider _builder_version=\u00a0\u00bb4.27.4&Prime; _module_preset=\u00a0\u00bbdefault\u00a0\u00bb custom_margin=\u00a0\u00bb||-20px|||\u00a0\u00bb global_colors_info=\u00a0\u00bb{}\u00a0\u00bb][\/et_pb_divider][\/et_pb_column][\/et_pb_row][et_pb_row _builder_version=\u00a0\u00bb4.27.4&Prime; _module_preset=\u00a0\u00bbdefault\u00a0\u00bb custom_padding=\u00a0\u00bb5px|||||\u00a0\u00bb global_colors_info=\u00a0\u00bb{}\u00a0\u00bb][et_pb_column type=\u00a0\u00bb4_4&Prime; _builder_version=\u00a0\u00bb4.27.0&Prime; _module_preset=\u00a0\u00bbdefault\u00a0\u00bb global_colors_info=\u00a0\u00bb{}\u00a0\u00bb][et_pb_text _builder_version=\u00a0\u00bb4.27.4&Prime; _module_preset=\u00a0\u00bbdefault\u00a0\u00bb custom_margin=\u00a0\u00bb||6px|||\u00a0\u00bb global_colors_info=\u00a0\u00bb{}\u00a0\u00bb]<\/p>\n<h2 class=\"article-full__title\">\u00ab\u00a0\u00c7a suffit\u00a0!\u00a0\u00bb\u00a0: pr\u00e8s de Toulouse, la course contre la montre d\u2019associations pour \u00ab\u00a0sauver un chien promis \u00e0 la mort\u00a0\u00bb<\/h2>\n<p>Les associations se sont mobilis\u00e9es toute la semaine afin de sauver un chien fam\u00e9lique d\u00e9laiss\u00e9 par son ma\u00eetre \u00e0 Saint-Jory au nord de Toulouse. Au terme d\u2019un v\u00e9ritable parcours du combattant, elles ont finalement obtenu l\u2019autorisation de r\u00e9cup\u00e9rer l\u2019animal jusqu\u2019ici \u00ab\u00a0promis \u00e0 la mort\u00a0\u00bb.<\/p>\n<p>[\/et_pb_text][et_pb_button button_url=\u00a0\u00bbhttps:\/\/www.ladepeche.fr\/2024\/08\/18\/pres-de-toulouse-la-course-contre-la-montre-dassociations-pour-sauver-un-chien-promis-a-la-mort-12146231.php\u00a0\u00bb url_new_window=\u00a0\u00bbon\u00a0\u00bb button_text=\u00a0\u00bbLire l&rsquo;article\u00a0\u00bb _builder_version=\u00a0\u00bb4.27.4&Prime; _module_preset=\u00a0\u00bbdefault\u00a0\u00bb custom_button=\u00a0\u00bbon\u00a0\u00bb button_text_size=\u00a0\u00bb15px\u00a0\u00bb button_text_color=\u00a0\u00bb#F4F4F4&Prime; button_bg_color=\u00a0\u00bb#022F6B\u00a0\u00bb button_border_width=\u00a0\u00bb0px\u00a0\u00bb button_border_radius=\u00a0\u00bb10px\u00a0\u00bb button_font=\u00a0\u00bb|600|||||||\u00a0\u00bb custom_margin=\u00a0\u00bb20px|||||\u00a0\u00bb global_colors_info=\u00a0\u00bb{}\u00a0\u00bb][\/et_pb_button][\/et_pb_column][\/et_pb_row][et_pb_row _builder_version=\u00a0\u00bb4.27.4&Prime; _module_preset=\u00a0\u00bbdefault\u00a0\u00bb custom_padding=\u00a0\u00bb5px||14px|||\u00a0\u00bb global_colors_info=\u00a0\u00bb{}\u00a0\u00bb][et_pb_column type=\u00a0\u00bb4_4&Prime; _builder_version=\u00a0\u00bb4.27.4&Prime; _module_preset=\u00a0\u00bbdefault\u00a0\u00bb global_colors_info=\u00a0\u00bb{}\u00a0\u00bb][et_pb_divider _builder_version=\u00a0\u00bb4.27.4&Prime; _module_preset=\u00a0\u00bbdefault\u00a0\u00bb custom_margin=\u00a0\u00bb||-20px|||\u00a0\u00bb global_colors_info=\u00a0\u00bb{}\u00a0\u00bb][\/et_pb_divider][\/et_pb_column][\/et_pb_row][et_pb_row _builder_version=\u00a0\u00bb4.27.4&Prime; _module_preset=\u00a0\u00bbdefault\u00a0\u00bb custom_padding=\u00a0\u00bb5px|||||\u00a0\u00bb global_colors_info=\u00a0\u00bb{}\u00a0\u00bb][et_pb_column type=\u00a0\u00bb4_4&Prime; _builder_version=\u00a0\u00bb4.27.0&Prime; _module_preset=\u00a0\u00bbdefault\u00a0\u00bb global_colors_info=\u00a0\u00bb{}\u00a0\u00bb][et_pb_text _builder_version=\u00a0\u00bb4.27.4&Prime; _module_preset=\u00a0\u00bbdefault\u00a0\u00bb custom_margin=\u00a0\u00bb||6px|||\u00a0\u00bb global_colors_info=\u00a0\u00bb{}\u00a0\u00bb]<\/p>\n<h2 class=\"article-full__title\">Pr\u00e8s de Toulouse\u00a0: assoiff\u00e9es et cadav\u00e9riques, deux chiennes vivaient sur un balcon, par 45\u00a0\u00b0C, au milieu de leurs excr\u00e9ments<\/h2>\n<p>La police est intervenue lundi 29 juillet dans un appartement de Colomiers. Tya et Scampia, deux chiennes se trouvaient en pleine canicule sur un balcon non couvert. Elles \u00e9taient assoiff\u00e9es et cadav\u00e9riques.<\/p>\n<p>[\/et_pb_text][et_pb_button button_url=\u00a0\u00bbhttps:\/\/www.ladepeche.fr\/2024\/08\/02\/pres-de-toulouse-assoiffees-et-cadaveriques-deux-chiennes-vivaient-sur-un-balcon-par-45-c-au-milieu-de-leurs-excrements-12120072.php\u00a0\u00bb url_new_window=\u00a0\u00bbon\u00a0\u00bb button_text=\u00a0\u00bbLire l&rsquo;article\u00a0\u00bb _builder_version=\u00a0\u00bb4.27.4&Prime; _module_preset=\u00a0\u00bbdefault\u00a0\u00bb custom_button=\u00a0\u00bbon\u00a0\u00bb button_text_size=\u00a0\u00bb15px\u00a0\u00bb button_text_color=\u00a0\u00bb#F4F4F4&Prime; button_bg_color=\u00a0\u00bb#022F6B\u00a0\u00bb button_border_width=\u00a0\u00bb0px\u00a0\u00bb button_border_radius=\u00a0\u00bb10px\u00a0\u00bb button_font=\u00a0\u00bb|600|||||||\u00a0\u00bb custom_margin=\u00a0\u00bb20px|||||\u00a0\u00bb global_colors_info=\u00a0\u00bb{}\u00a0\u00bb][\/et_pb_button][\/et_pb_column][\/et_pb_row][\/et_pb_section][et_pb_section fb_built=\u00a0\u00bb1&Prime; _builder_version=\u00a0\u00bb4.27.4&Prime; _module_preset=\u00a0\u00bbdefault\u00a0\u00bb custom_padding=\u00a0\u00bb0px|||||\u00a0\u00bb global_colors_info=\u00a0\u00bb{}\u00a0\u00bb][et_pb_row _builder_version=\u00a0\u00bb4.27.4&Prime; _module_preset=\u00a0\u00bbdefault\u00a0\u00bb custom_padding=\u00a0\u00bb0px|||||\u00a0\u00bb global_colors_info=\u00a0\u00bb{}\u00a0\u00bb][et_pb_column type=\u00a0\u00bb4_4&Prime; _builder_version=\u00a0\u00bb4.27.4&Prime; _module_preset=\u00a0\u00bbdefault\u00a0\u00bb global_colors_info=\u00a0\u00bb{}\u00a0\u00bb][et_pb_code _builder_version=\u00a0\u00bb4.27.4&Prime; _module_preset=\u00a0\u00bbdefault\u00a0\u00bb global_colors_info=\u00a0\u00bb{}\u00a0\u00bb]\n<div id=\"sb_instagram\"  class=\"sbi sbi_mob_col_1 sbi_tab_col_2 sbi_col_4 sbi_width_resp\" style=\"padding-bottom: 10px;\"\t data-feedid=\"*1\"  data-res=\"auto\" data-cols=\"4\" data-colsmobile=\"1\" data-colstablet=\"2\" data-num=\"4\" data-nummobile=\"4\" data-item-padding=\"5\"\t data-shortcode-atts=\"{&quot;feed&quot;:&quot;1&quot;}\"  data-postid=\"2295\" data-locatornonce=\"fea1ddb583\" data-imageaspectratio=\"3:4\" data-sbi-flags=\"favorLocal,gdpr\">\n\t<div class=\"sb_instagram_header \"   >\n\t<a class=\"sbi_header_link\" target=\"_blank\"\n\t   rel=\"nofollow noopener\" href=\"https:\/\/www.instagram.com\/les_4pattounes\/\" title=\"@les_4pattounes\">\n\t\t<div class=\"sbi_header_text\">\n\t\t\t<div class=\"sbi_header_img\"  data-avatar-url=\"https:\/\/scontent-bru2-1.cdninstagram.com\/v\/t51.2885-19\/315219014_108594028735788_2316241948748195956_n.jpg?stp=dst-jpg_s206x206_tt6&amp;_nc_cat=110&amp;ccb=7-5&amp;_nc_sid=bf7eb4&amp;efg=eyJ2ZW5jb2RlX3RhZyI6InByb2ZpbGVfcGljLnd3dy43ODguQzMifQ%3D%3D&amp;_nc_ohc=qm62pKm_9pAQ7kNvwEF71bW&amp;_nc_oc=AdrK-8DbMVUN-2NLQ20w6ECHNbkEKhkah2VoZMbtQisoeUby8Y7GNxrhzyvA1tzJtGQ&amp;_nc_zt=24&amp;_nc_ht=scontent-bru2-1.cdninstagram.com&amp;edm=AP4hL3IEAAAA&amp;_nc_tpa=Q5bMBQGUaJQLaXEn-sDEZ0xbEMKSUWv6xWnPS84-lnRg-cpL0n1ukqVHplN7tzfwq-xjch70t2vc2DdfgA&amp;oh=00_Af0cYMO1QF-mJo2Io1NFC-zb3U7GDwzNB3o7ybhB7eZHmA&amp;oe=69F79D03\">\n\t\t\t\t\t\t\t\t\t<div class=\"sbi_header_img_hover\"  ><svg class=\"sbi_new_logo fa-instagram fa-w-14\" aria-hidden=\"true\" data-fa-processed=\"\" aria-label=\"Instagram\" data-prefix=\"fab\" data-icon=\"instagram\" role=\"img\" viewBox=\"0 0 448 512\">\n                    <path fill=\"currentColor\" d=\"M224.1 141c-63.6 0-114.9 51.3-114.9 114.9s51.3 114.9 114.9 114.9S339 319.5 339 255.9 287.7 141 224.1 141zm0 189.6c-41.1 0-74.7-33.5-74.7-74.7s33.5-74.7 74.7-74.7 74.7 33.5 74.7 74.7-33.6 74.7-74.7 74.7zm146.4-194.3c0 14.9-12 26.8-26.8 26.8-14.9 0-26.8-12-26.8-26.8s12-26.8 26.8-26.8 26.8 12 26.8 26.8zm76.1 27.2c-1.7-35.9-9.9-67.7-36.2-93.9-26.2-26.2-58-34.4-93.9-36.2-37-2.1-147.9-2.1-184.9 0-35.8 1.7-67.6 9.9-93.9 36.1s-34.4 58-36.2 93.9c-2.1 37-2.1 147.9 0 184.9 1.7 35.9 9.9 67.7 36.2 93.9s58 34.4 93.9 36.2c37 2.1 147.9 2.1 184.9 0 35.9-1.7 67.7-9.9 93.9-36.2 26.2-26.2 34.4-58 36.2-93.9 2.1-37 2.1-147.8 0-184.8zM398.8 388c-7.8 19.6-22.9 34.7-42.6 42.6-29.5 11.7-99.5 9-132.1 9s-102.7 2.6-132.1-9c-19.6-7.8-34.7-22.9-42.6-42.6-11.7-29.5-9-99.5-9-132.1s-2.6-102.7 9-132.1c7.8-19.6 22.9-34.7 42.6-42.6 29.5-11.7 99.5-9 132.1-9s102.7-2.6 132.1 9c19.6 7.8 34.7 22.9 42.6 42.6 11.7 29.5 9 99.5 9 132.1s2.7 102.7-9 132.1z\"><\/path>\n                <\/svg><\/div>\n\t\t\t\t\t<img loading=\"lazy\" decoding=\"async\"  src=\"https:\/\/les4pattounes.org\/les4pattorg\/wp-content\/uploads\/sb-instagram-feed-images\/les_4pattounes.webp\" alt=\"\" width=\"50\" height=\"50\">\n\t\t\t\t\n\t\t\t\t\t\t\t<\/div>\n\n\t\t\t<div class=\"sbi_feedtheme_header_text\">\n\t\t\t\t<h3 style=\"color: rgb(0,0,0);\">les_4pattounes<\/h3>\n\t\t\t\t\t\t\t\t\t<p class=\"sbi_bio\" style=\"color: rgb(0,0,0);\">Formation des policiers et gendarmes \ud83d\udc6e\u200d\u2640\ufe0f<br>\nPartagez le #Ensemblenouspouvonslesaider<\/p>\n\t\t\t\t\t\t\t<\/div>\n\t\t<\/div>\n\t<\/a>\n<\/div>\n\n\t<div id=\"sbi_images\"  style=\"gap: 10px;\">\n\t\t<div class=\"sbi_item sbi_type_image sbi_new sbi_transition\"\n\tid=\"sbi_18082962005567770\" data-date=\"1777438546\">\n\t<div class=\"sbi_photo_wrap\">\n\t\t<a class=\"sbi_photo\" href=\"https:\/\/www.instagram.com\/p\/DXs9zPSDII-\/\" target=\"_blank\" rel=\"noopener nofollow\"\n\t\t\tdata-full-res=\"https:\/\/scontent-bru2-1.cdninstagram.com\/v\/t51.82787-15\/681419841_18063309935693477_6628778170519776901_n.jpg?stp=dst-jpg_e35_tt6&#038;_nc_cat=108&#038;ccb=7-5&#038;_nc_sid=18de74&#038;efg=eyJlZmdfdGFnIjoiRkVFRC5iZXN0X2ltYWdlX3VybGdlbi5DMyJ9&#038;_nc_ohc=Ri0qP4v-k2cQ7kNvwFSRRAb&#038;_nc_oc=AdoNE3LMIp_mNER0XF5-bhjrSQD9R38jvS-T55lbsu1Dnnvc8nAeyzUg8R96rVQ-d8k&#038;_nc_zt=23&#038;_nc_ht=scontent-bru2-1.cdninstagram.com&#038;edm=ANo9K5cEAAAA&#038;_nc_gid=B4LMV1gY81zjwUkaJDarJA&#038;_nc_tpa=Q5bMBQFb_p8XIC1rEuF6j7gfxd0wU-PUxPmsBzqEy6Ten8ZTBhK8mlnulrS1U-sGOK0EhLsRi1JfJlHtDA&#038;oh=00_Af3Vrm6e6yNCiEuax2vm_LdYxr1Bmm3iDiJa3y9Twfj7Kw&#038;oe=69F7995D\"\n\t\t\tdata-img-src-set=\"{&quot;d&quot;:&quot;https:\\\/\\\/scontent-bru2-1.cdninstagram.com\\\/v\\\/t51.82787-15\\\/681419841_18063309935693477_6628778170519776901_n.jpg?stp=dst-jpg_e35_tt6&amp;_nc_cat=108&amp;ccb=7-5&amp;_nc_sid=18de74&amp;efg=eyJlZmdfdGFnIjoiRkVFRC5iZXN0X2ltYWdlX3VybGdlbi5DMyJ9&amp;_nc_ohc=Ri0qP4v-k2cQ7kNvwFSRRAb&amp;_nc_oc=AdoNE3LMIp_mNER0XF5-bhjrSQD9R38jvS-T55lbsu1Dnnvc8nAeyzUg8R96rVQ-d8k&amp;_nc_zt=23&amp;_nc_ht=scontent-bru2-1.cdninstagram.com&amp;edm=ANo9K5cEAAAA&amp;_nc_gid=B4LMV1gY81zjwUkaJDarJA&amp;_nc_tpa=Q5bMBQFb_p8XIC1rEuF6j7gfxd0wU-PUxPmsBzqEy6Ten8ZTBhK8mlnulrS1U-sGOK0EhLsRi1JfJlHtDA&amp;oh=00_Af3Vrm6e6yNCiEuax2vm_LdYxr1Bmm3iDiJa3y9Twfj7Kw&amp;oe=69F7995D&quot;,&quot;150&quot;:&quot;https:\\\/\\\/scontent-bru2-1.cdninstagram.com\\\/v\\\/t51.82787-15\\\/681419841_18063309935693477_6628778170519776901_n.jpg?stp=dst-jpg_e35_tt6&amp;_nc_cat=108&amp;ccb=7-5&amp;_nc_sid=18de74&amp;efg=eyJlZmdfdGFnIjoiRkVFRC5iZXN0X2ltYWdlX3VybGdlbi5DMyJ9&amp;_nc_ohc=Ri0qP4v-k2cQ7kNvwFSRRAb&amp;_nc_oc=AdoNE3LMIp_mNER0XF5-bhjrSQD9R38jvS-T55lbsu1Dnnvc8nAeyzUg8R96rVQ-d8k&amp;_nc_zt=23&amp;_nc_ht=scontent-bru2-1.cdninstagram.com&amp;edm=ANo9K5cEAAAA&amp;_nc_gid=B4LMV1gY81zjwUkaJDarJA&amp;_nc_tpa=Q5bMBQFb_p8XIC1rEuF6j7gfxd0wU-PUxPmsBzqEy6Ten8ZTBhK8mlnulrS1U-sGOK0EhLsRi1JfJlHtDA&amp;oh=00_Af3Vrm6e6yNCiEuax2vm_LdYxr1Bmm3iDiJa3y9Twfj7Kw&amp;oe=69F7995D&quot;,&quot;320&quot;:&quot;https:\\\/\\\/scontent-bru2-1.cdninstagram.com\\\/v\\\/t51.82787-15\\\/681419841_18063309935693477_6628778170519776901_n.jpg?stp=dst-jpg_e35_tt6&amp;_nc_cat=108&amp;ccb=7-5&amp;_nc_sid=18de74&amp;efg=eyJlZmdfdGFnIjoiRkVFRC5iZXN0X2ltYWdlX3VybGdlbi5DMyJ9&amp;_nc_ohc=Ri0qP4v-k2cQ7kNvwFSRRAb&amp;_nc_oc=AdoNE3LMIp_mNER0XF5-bhjrSQD9R38jvS-T55lbsu1Dnnvc8nAeyzUg8R96rVQ-d8k&amp;_nc_zt=23&amp;_nc_ht=scontent-bru2-1.cdninstagram.com&amp;edm=ANo9K5cEAAAA&amp;_nc_gid=B4LMV1gY81zjwUkaJDarJA&amp;_nc_tpa=Q5bMBQFb_p8XIC1rEuF6j7gfxd0wU-PUxPmsBzqEy6Ten8ZTBhK8mlnulrS1U-sGOK0EhLsRi1JfJlHtDA&amp;oh=00_Af3Vrm6e6yNCiEuax2vm_LdYxr1Bmm3iDiJa3y9Twfj7Kw&amp;oe=69F7995D&quot;,&quot;640&quot;:&quot;https:\\\/\\\/scontent-bru2-1.cdninstagram.com\\\/v\\\/t51.82787-15\\\/681419841_18063309935693477_6628778170519776901_n.jpg?stp=dst-jpg_e35_tt6&amp;_nc_cat=108&amp;ccb=7-5&amp;_nc_sid=18de74&amp;efg=eyJlZmdfdGFnIjoiRkVFRC5iZXN0X2ltYWdlX3VybGdlbi5DMyJ9&amp;_nc_ohc=Ri0qP4v-k2cQ7kNvwFSRRAb&amp;_nc_oc=AdoNE3LMIp_mNER0XF5-bhjrSQD9R38jvS-T55lbsu1Dnnvc8nAeyzUg8R96rVQ-d8k&amp;_nc_zt=23&amp;_nc_ht=scontent-bru2-1.cdninstagram.com&amp;edm=ANo9K5cEAAAA&amp;_nc_gid=B4LMV1gY81zjwUkaJDarJA&amp;_nc_tpa=Q5bMBQFb_p8XIC1rEuF6j7gfxd0wU-PUxPmsBzqEy6Ten8ZTBhK8mlnulrS1U-sGOK0EhLsRi1JfJlHtDA&amp;oh=00_Af3Vrm6e6yNCiEuax2vm_LdYxr1Bmm3iDiJa3y9Twfj7Kw&amp;oe=69F7995D&quot;}\">\n\t\t\t<span class=\"sbi-screenreader\">[ \u2026 il s\u2019est endormi pour toujours hier apr\u00e8s midi<\/span>\n\t\t\t\t\t\t\t\t\t<img decoding=\"async\" src=\"https:\/\/les4pattounes.org\/les4pattorg\/wp-content\/plugins\/instagram-feed\/img\/placeholder.png\" alt=\"[ \u2026 il s\u2019est endormi pour toujours hier apr\u00e8s midi chez le v\u00e9t\u00e9rinaire, sa t\u00eate blottie dans ma main, comme il aimait\u2026 \ud83d\ude4f] \n\nIl est d\u00e9sormais en paix, mon Warrior, mon loulou, mon Hancock\u2026 depuis lundi dernier, il se battait, je l\u2019accompagnais de mon mieux, impuissante, devant cette douleur qui l\u2019envahissait\u2026 \n\n\u201cLes chiens ne parlent pas, mais leur amour r\u00e9sonne plus fort que mille mots.\u201d comme le disait si bien Camille Dubois. \n\nJe t\u2019aime loulou\u2026 pour toujours, tu seras dans mon c\u0153ur \ud83d\udc93 \n\nTu m\u2019as tellement appris, tellement donn\u00e9 en 5 ans de vie commune\u2026 \n\nTu es rentr\u00e9 dans ma vie par effraction, rien n\u2019\u00e9tait pr\u00e9vu et pourtant tout \u00e9tait \u00e9vident \nmoi qui n\u2019avais jamais eu de chien \u00e0 moi, je venais de craquer pour un staff senior au pass\u00e9 caboss\u00e9\u2026.\n\nAujourd\u2019hui , tu avais 14 ans et 3 mois\" aria-hidden=\"true\">\n\t\t<\/a>\n\t<\/div>\n<\/div><div class=\"sbi_item sbi_type_image sbi_new sbi_transition\"\n\tid=\"sbi_18101362777966313\" data-date=\"1777356261\">\n\t<div class=\"sbi_photo_wrap\">\n\t\t<a class=\"sbi_photo\" href=\"https:\/\/www.instagram.com\/p\/DXqiLmvDMNA\/\" target=\"_blank\" rel=\"noopener nofollow\"\n\t\t\tdata-full-res=\"https:\/\/scontent-bru2-1.cdninstagram.com\/v\/t51.82787-15\/681001714_18063190079693477_6372007512104521434_n.jpg?stp=dst-jpg_e35_tt6&#038;_nc_cat=105&#038;ccb=7-5&#038;_nc_sid=18de74&#038;efg=eyJlZmdfdGFnIjoiRkVFRC5iZXN0X2ltYWdlX3VybGdlbi5DMyJ9&#038;_nc_ohc=ukwRdm19y5AQ7kNvwEfD-gO&#038;_nc_oc=AdpcSToK9g6QFEZiy_-yYDs8ItCSbkuljjixtyT1sFX1FdujNdsFEWevL6TFmLudo9c&#038;_nc_zt=23&#038;_nc_ht=scontent-bru2-1.cdninstagram.com&#038;edm=ANo9K5cEAAAA&#038;_nc_gid=B4LMV1gY81zjwUkaJDarJA&#038;_nc_tpa=Q5bMBQHkUjeBC7SvrDsMLJ8XMvCPaP24oJjxsDW664xP7iDYpUwfHXyPM_SLnrBFMQPPhvjzLMMoKLF9hg&#038;oh=00_Af3XklO6iwFTz_ovrfBP2EzxNiZTN4ndpsV-usk35fXxhA&#038;oe=69F79F0D\"\n\t\t\tdata-img-src-set=\"{&quot;d&quot;:&quot;https:\\\/\\\/scontent-bru2-1.cdninstagram.com\\\/v\\\/t51.82787-15\\\/681001714_18063190079693477_6372007512104521434_n.jpg?stp=dst-jpg_e35_tt6&amp;_nc_cat=105&amp;ccb=7-5&amp;_nc_sid=18de74&amp;efg=eyJlZmdfdGFnIjoiRkVFRC5iZXN0X2ltYWdlX3VybGdlbi5DMyJ9&amp;_nc_ohc=ukwRdm19y5AQ7kNvwEfD-gO&amp;_nc_oc=AdpcSToK9g6QFEZiy_-yYDs8ItCSbkuljjixtyT1sFX1FdujNdsFEWevL6TFmLudo9c&amp;_nc_zt=23&amp;_nc_ht=scontent-bru2-1.cdninstagram.com&amp;edm=ANo9K5cEAAAA&amp;_nc_gid=B4LMV1gY81zjwUkaJDarJA&amp;_nc_tpa=Q5bMBQHkUjeBC7SvrDsMLJ8XMvCPaP24oJjxsDW664xP7iDYpUwfHXyPM_SLnrBFMQPPhvjzLMMoKLF9hg&amp;oh=00_Af3XklO6iwFTz_ovrfBP2EzxNiZTN4ndpsV-usk35fXxhA&amp;oe=69F79F0D&quot;,&quot;150&quot;:&quot;https:\\\/\\\/scontent-bru2-1.cdninstagram.com\\\/v\\\/t51.82787-15\\\/681001714_18063190079693477_6372007512104521434_n.jpg?stp=dst-jpg_e35_tt6&amp;_nc_cat=105&amp;ccb=7-5&amp;_nc_sid=18de74&amp;efg=eyJlZmdfdGFnIjoiRkVFRC5iZXN0X2ltYWdlX3VybGdlbi5DMyJ9&amp;_nc_ohc=ukwRdm19y5AQ7kNvwEfD-gO&amp;_nc_oc=AdpcSToK9g6QFEZiy_-yYDs8ItCSbkuljjixtyT1sFX1FdujNdsFEWevL6TFmLudo9c&amp;_nc_zt=23&amp;_nc_ht=scontent-bru2-1.cdninstagram.com&amp;edm=ANo9K5cEAAAA&amp;_nc_gid=B4LMV1gY81zjwUkaJDarJA&amp;_nc_tpa=Q5bMBQHkUjeBC7SvrDsMLJ8XMvCPaP24oJjxsDW664xP7iDYpUwfHXyPM_SLnrBFMQPPhvjzLMMoKLF9hg&amp;oh=00_Af3XklO6iwFTz_ovrfBP2EzxNiZTN4ndpsV-usk35fXxhA&amp;oe=69F79F0D&quot;,&quot;320&quot;:&quot;https:\\\/\\\/scontent-bru2-1.cdninstagram.com\\\/v\\\/t51.82787-15\\\/681001714_18063190079693477_6372007512104521434_n.jpg?stp=dst-jpg_e35_tt6&amp;_nc_cat=105&amp;ccb=7-5&amp;_nc_sid=18de74&amp;efg=eyJlZmdfdGFnIjoiRkVFRC5iZXN0X2ltYWdlX3VybGdlbi5DMyJ9&amp;_nc_ohc=ukwRdm19y5AQ7kNvwEfD-gO&amp;_nc_oc=AdpcSToK9g6QFEZiy_-yYDs8ItCSbkuljjixtyT1sFX1FdujNdsFEWevL6TFmLudo9c&amp;_nc_zt=23&amp;_nc_ht=scontent-bru2-1.cdninstagram.com&amp;edm=ANo9K5cEAAAA&amp;_nc_gid=B4LMV1gY81zjwUkaJDarJA&amp;_nc_tpa=Q5bMBQHkUjeBC7SvrDsMLJ8XMvCPaP24oJjxsDW664xP7iDYpUwfHXyPM_SLnrBFMQPPhvjzLMMoKLF9hg&amp;oh=00_Af3XklO6iwFTz_ovrfBP2EzxNiZTN4ndpsV-usk35fXxhA&amp;oe=69F79F0D&quot;,&quot;640&quot;:&quot;https:\\\/\\\/scontent-bru2-1.cdninstagram.com\\\/v\\\/t51.82787-15\\\/681001714_18063190079693477_6372007512104521434_n.jpg?stp=dst-jpg_e35_tt6&amp;_nc_cat=105&amp;ccb=7-5&amp;_nc_sid=18de74&amp;efg=eyJlZmdfdGFnIjoiRkVFRC5iZXN0X2ltYWdlX3VybGdlbi5DMyJ9&amp;_nc_ohc=ukwRdm19y5AQ7kNvwEfD-gO&amp;_nc_oc=AdpcSToK9g6QFEZiy_-yYDs8ItCSbkuljjixtyT1sFX1FdujNdsFEWevL6TFmLudo9c&amp;_nc_zt=23&amp;_nc_ht=scontent-bru2-1.cdninstagram.com&amp;edm=ANo9K5cEAAAA&amp;_nc_gid=B4LMV1gY81zjwUkaJDarJA&amp;_nc_tpa=Q5bMBQHkUjeBC7SvrDsMLJ8XMvCPaP24oJjxsDW664xP7iDYpUwfHXyPM_SLnrBFMQPPhvjzLMMoKLF9hg&amp;oh=00_Af3XklO6iwFTz_ovrfBP2EzxNiZTN4ndpsV-usk35fXxhA&amp;oe=69F79F0D&quot;}\">\n\t\t\t<span class=\"sbi-screenreader\">\ud83e\udd17trop heureuse de vous pr\u00e9senter notre petit coeur<\/span>\n\t\t\t\t\t\t\t\t\t<img decoding=\"async\" src=\"https:\/\/les4pattounes.org\/les4pattorg\/wp-content\/plugins\/instagram-feed\/img\/placeholder.png\" alt=\"\ud83e\udd17trop heureuse de vous pr\u00e9senter notre petit coeur de 9 mois \u2764\ufe0f OTIS, qui revient de loin, et m\u00e9rite le meilleur \ud83e\udd70\n\n\ud83d\udccdToulouse (31) \n\nC\u2019est un amour de loulou \ud83e\udd70\nIl est ok TOUT : chiens \ud83d\udc36, chats \ud83d\udc08\u200d\u2b1b .. \n\nPropre, joueur, et mega gentil ! \ud83e\udd70\ud83d\udc3e\n\nIl adore les balades \ud83c\udf33(regardez le gambader \/vid\u00e9o dans les commentaires) \n\nSi vous avez un projet d\u2019adoption responsable et si vous craquez sur sa frimousse, \u00e9crivez nous vite \u270d\ufe0f Les4pattounes@gmail.com ou appelez Florence \u260e\ufe0f 06 82 50 61 93\n\n#adoption #chien #adoptionresponsable\" aria-hidden=\"true\">\n\t\t<\/a>\n\t<\/div>\n<\/div><div class=\"sbi_item sbi_type_image sbi_new sbi_transition\"\n\tid=\"sbi_17982755978991959\" data-date=\"1777319148\">\n\t<div class=\"sbi_photo_wrap\">\n\t\t<a class=\"sbi_photo\" href=\"https:\/\/www.instagram.com\/p\/DXpbQ5hDGCh\/\" target=\"_blank\" rel=\"noopener nofollow\"\n\t\t\tdata-full-res=\"https:\/\/scontent-bru2-1.cdninstagram.com\/v\/t51.82787-15\/683662204_18063139994693477_3519506593762769616_n.jpg?stp=dst-jpg_e35_tt6&#038;_nc_cat=109&#038;ccb=7-5&#038;_nc_sid=18de74&#038;efg=eyJlZmdfdGFnIjoiRkVFRC5iZXN0X2ltYWdlX3VybGdlbi5DMyJ9&#038;_nc_ohc=4Id1hiO5r8kQ7kNvwGzRQY9&#038;_nc_oc=AdqVCNrVP8t1eWKdBlgTOKQ1nLVbbcFvDdZ_rvTOTiN35xC7ExFDbzDGGF4RxiaiOhw&#038;_nc_zt=23&#038;_nc_ht=scontent-bru2-1.cdninstagram.com&#038;edm=ANo9K5cEAAAA&#038;_nc_gid=B4LMV1gY81zjwUkaJDarJA&#038;_nc_tpa=Q5bMBQHndDOnUmE7dcAta4-sBWV-G0qwdg9Sur8VzhKU_-_1mGRnwAp-PEvcMiB-hBQEEAjJKZB9psRCnA&#038;oh=00_Af3g_fRQahueRL63_jDZ4wMzNog0DGuqDE4aXQh6tfTykQ&#038;oe=69F79D7C\"\n\t\t\tdata-img-src-set=\"{&quot;d&quot;:&quot;https:\\\/\\\/scontent-bru2-1.cdninstagram.com\\\/v\\\/t51.82787-15\\\/683662204_18063139994693477_3519506593762769616_n.jpg?stp=dst-jpg_e35_tt6&amp;_nc_cat=109&amp;ccb=7-5&amp;_nc_sid=18de74&amp;efg=eyJlZmdfdGFnIjoiRkVFRC5iZXN0X2ltYWdlX3VybGdlbi5DMyJ9&amp;_nc_ohc=4Id1hiO5r8kQ7kNvwGzRQY9&amp;_nc_oc=AdqVCNrVP8t1eWKdBlgTOKQ1nLVbbcFvDdZ_rvTOTiN35xC7ExFDbzDGGF4RxiaiOhw&amp;_nc_zt=23&amp;_nc_ht=scontent-bru2-1.cdninstagram.com&amp;edm=ANo9K5cEAAAA&amp;_nc_gid=B4LMV1gY81zjwUkaJDarJA&amp;_nc_tpa=Q5bMBQHndDOnUmE7dcAta4-sBWV-G0qwdg9Sur8VzhKU_-_1mGRnwAp-PEvcMiB-hBQEEAjJKZB9psRCnA&amp;oh=00_Af3g_fRQahueRL63_jDZ4wMzNog0DGuqDE4aXQh6tfTykQ&amp;oe=69F79D7C&quot;,&quot;150&quot;:&quot;https:\\\/\\\/scontent-bru2-1.cdninstagram.com\\\/v\\\/t51.82787-15\\\/683662204_18063139994693477_3519506593762769616_n.jpg?stp=dst-jpg_e35_tt6&amp;_nc_cat=109&amp;ccb=7-5&amp;_nc_sid=18de74&amp;efg=eyJlZmdfdGFnIjoiRkVFRC5iZXN0X2ltYWdlX3VybGdlbi5DMyJ9&amp;_nc_ohc=4Id1hiO5r8kQ7kNvwGzRQY9&amp;_nc_oc=AdqVCNrVP8t1eWKdBlgTOKQ1nLVbbcFvDdZ_rvTOTiN35xC7ExFDbzDGGF4RxiaiOhw&amp;_nc_zt=23&amp;_nc_ht=scontent-bru2-1.cdninstagram.com&amp;edm=ANo9K5cEAAAA&amp;_nc_gid=B4LMV1gY81zjwUkaJDarJA&amp;_nc_tpa=Q5bMBQHndDOnUmE7dcAta4-sBWV-G0qwdg9Sur8VzhKU_-_1mGRnwAp-PEvcMiB-hBQEEAjJKZB9psRCnA&amp;oh=00_Af3g_fRQahueRL63_jDZ4wMzNog0DGuqDE4aXQh6tfTykQ&amp;oe=69F79D7C&quot;,&quot;320&quot;:&quot;https:\\\/\\\/scontent-bru2-1.cdninstagram.com\\\/v\\\/t51.82787-15\\\/683662204_18063139994693477_3519506593762769616_n.jpg?stp=dst-jpg_e35_tt6&amp;_nc_cat=109&amp;ccb=7-5&amp;_nc_sid=18de74&amp;efg=eyJlZmdfdGFnIjoiRkVFRC5iZXN0X2ltYWdlX3VybGdlbi5DMyJ9&amp;_nc_ohc=4Id1hiO5r8kQ7kNvwGzRQY9&amp;_nc_oc=AdqVCNrVP8t1eWKdBlgTOKQ1nLVbbcFvDdZ_rvTOTiN35xC7ExFDbzDGGF4RxiaiOhw&amp;_nc_zt=23&amp;_nc_ht=scontent-bru2-1.cdninstagram.com&amp;edm=ANo9K5cEAAAA&amp;_nc_gid=B4LMV1gY81zjwUkaJDarJA&amp;_nc_tpa=Q5bMBQHndDOnUmE7dcAta4-sBWV-G0qwdg9Sur8VzhKU_-_1mGRnwAp-PEvcMiB-hBQEEAjJKZB9psRCnA&amp;oh=00_Af3g_fRQahueRL63_jDZ4wMzNog0DGuqDE4aXQh6tfTykQ&amp;oe=69F79D7C&quot;,&quot;640&quot;:&quot;https:\\\/\\\/scontent-bru2-1.cdninstagram.com\\\/v\\\/t51.82787-15\\\/683662204_18063139994693477_3519506593762769616_n.jpg?stp=dst-jpg_e35_tt6&amp;_nc_cat=109&amp;ccb=7-5&amp;_nc_sid=18de74&amp;efg=eyJlZmdfdGFnIjoiRkVFRC5iZXN0X2ltYWdlX3VybGdlbi5DMyJ9&amp;_nc_ohc=4Id1hiO5r8kQ7kNvwGzRQY9&amp;_nc_oc=AdqVCNrVP8t1eWKdBlgTOKQ1nLVbbcFvDdZ_rvTOTiN35xC7ExFDbzDGGF4RxiaiOhw&amp;_nc_zt=23&amp;_nc_ht=scontent-bru2-1.cdninstagram.com&amp;edm=ANo9K5cEAAAA&amp;_nc_gid=B4LMV1gY81zjwUkaJDarJA&amp;_nc_tpa=Q5bMBQHndDOnUmE7dcAta4-sBWV-G0qwdg9Sur8VzhKU_-_1mGRnwAp-PEvcMiB-hBQEEAjJKZB9psRCnA&amp;oh=00_Af3g_fRQahueRL63_jDZ4wMzNog0DGuqDE4aXQh6tfTykQ&amp;oe=69F79D7C&quot;}\">\n\t\t\t<span class=\"sbi-screenreader\">Condamn\u00e9 \u00e0 mourir dans le silence, ce matou \ud83d\udc08 a \u00e9t<\/span>\n\t\t\t\t\t\t\t\t\t<img decoding=\"async\" src=\"https:\/\/les4pattounes.org\/les4pattorg\/wp-content\/plugins\/instagram-feed\/img\/placeholder.png\" alt=\"Condamn\u00e9 \u00e0 mourir dans le silence, ce matou \ud83d\udc08 a \u00e9t\u00e9 sauv\u00e9 in extremis : le signalement re\u00e7u sur notre boite mail a radicalement chang\u00e9 sa vie : \nUN IMMENSE BRAVO AUX POLICIERS FORM\u00c9S PAR Les 4 pattounes\ufe0f \ud83d\udc3e\ud83d\udc3e \ud83d\udccdParis 11\n\nPrisonnier dans un ancien restaurant barricad\u00e9 \ud83d\udccdParis 11, ce matou \u00e9tait condamn\u00e9 au pire cauchemar \n\nMerci \u00e0 nos coll\u00e8gues \ud83d\udc6e pour leur professionnalisme et leur amour des animaux \ud83d\udc97\n\n#sauvetage #chat #forcesdelordre\" aria-hidden=\"true\">\n\t\t<\/a>\n\t<\/div>\n<\/div><div class=\"sbi_item sbi_type_video sbi_new sbi_transition\"\n\tid=\"sbi_18077556779539588\" data-date=\"1777061360\">\n\t<div class=\"sbi_photo_wrap\">\n\t\t<a class=\"sbi_photo\" href=\"https:\/\/www.instagram.com\/reel\/DXhviZSDIKW\/\" target=\"_blank\" rel=\"noopener nofollow\"\n\t\t\tdata-full-res=\"https:\/\/scontent-bru2-1.cdninstagram.com\/v\/t51.71878-15\/681623847_1657980452196364_2691322944120440835_n.jpg?stp=dst-jpg_e35_tt6&#038;_nc_cat=107&#038;ccb=7-5&#038;_nc_sid=18de74&#038;efg=eyJlZmdfdGFnIjoiQ0xJUFMuYmVzdF9pbWFnZV91cmxnZW4uQzMifQ%3D%3D&#038;_nc_ohc=XRf_2YNVtNUQ7kNvwHq1FRt&#038;_nc_oc=AdrqFItnpPPGU_DnloY9k4Hq28w3wcasROgfk4BB-qTEuLOUusIz24jkQt36tTSgRZQ&#038;_nc_zt=23&#038;_nc_ht=scontent-bru2-1.cdninstagram.com&#038;edm=ANo9K5cEAAAA&#038;_nc_gid=B4LMV1gY81zjwUkaJDarJA&#038;_nc_tpa=Q5bMBQGHRYovJw6gEvUud_bX9Q1kPt33iChqvAXWUd_HC2SoOBOW388GUwNjRrFKWhUnN-Zwk7wfzoxmLQ&#038;oh=00_Af1CpMFC2rYfaAj0UoIRWZhStrUn2dP88Hf0V4s7SgSjjw&#038;oe=69F7B38F\"\n\t\t\tdata-img-src-set=\"{&quot;d&quot;:&quot;https:\\\/\\\/scontent-bru2-1.cdninstagram.com\\\/v\\\/t51.71878-15\\\/681623847_1657980452196364_2691322944120440835_n.jpg?stp=dst-jpg_e35_tt6&amp;_nc_cat=107&amp;ccb=7-5&amp;_nc_sid=18de74&amp;efg=eyJlZmdfdGFnIjoiQ0xJUFMuYmVzdF9pbWFnZV91cmxnZW4uQzMifQ%3D%3D&amp;_nc_ohc=XRf_2YNVtNUQ7kNvwHq1FRt&amp;_nc_oc=AdrqFItnpPPGU_DnloY9k4Hq28w3wcasROgfk4BB-qTEuLOUusIz24jkQt36tTSgRZQ&amp;_nc_zt=23&amp;_nc_ht=scontent-bru2-1.cdninstagram.com&amp;edm=ANo9K5cEAAAA&amp;_nc_gid=B4LMV1gY81zjwUkaJDarJA&amp;_nc_tpa=Q5bMBQGHRYovJw6gEvUud_bX9Q1kPt33iChqvAXWUd_HC2SoOBOW388GUwNjRrFKWhUnN-Zwk7wfzoxmLQ&amp;oh=00_Af1CpMFC2rYfaAj0UoIRWZhStrUn2dP88Hf0V4s7SgSjjw&amp;oe=69F7B38F&quot;,&quot;150&quot;:&quot;https:\\\/\\\/scontent-bru2-1.cdninstagram.com\\\/v\\\/t51.71878-15\\\/681623847_1657980452196364_2691322944120440835_n.jpg?stp=dst-jpg_e35_tt6&amp;_nc_cat=107&amp;ccb=7-5&amp;_nc_sid=18de74&amp;efg=eyJlZmdfdGFnIjoiQ0xJUFMuYmVzdF9pbWFnZV91cmxnZW4uQzMifQ%3D%3D&amp;_nc_ohc=XRf_2YNVtNUQ7kNvwHq1FRt&amp;_nc_oc=AdrqFItnpPPGU_DnloY9k4Hq28w3wcasROgfk4BB-qTEuLOUusIz24jkQt36tTSgRZQ&amp;_nc_zt=23&amp;_nc_ht=scontent-bru2-1.cdninstagram.com&amp;edm=ANo9K5cEAAAA&amp;_nc_gid=B4LMV1gY81zjwUkaJDarJA&amp;_nc_tpa=Q5bMBQGHRYovJw6gEvUud_bX9Q1kPt33iChqvAXWUd_HC2SoOBOW388GUwNjRrFKWhUnN-Zwk7wfzoxmLQ&amp;oh=00_Af1CpMFC2rYfaAj0UoIRWZhStrUn2dP88Hf0V4s7SgSjjw&amp;oe=69F7B38F&quot;,&quot;320&quot;:&quot;https:\\\/\\\/scontent-bru2-1.cdninstagram.com\\\/v\\\/t51.71878-15\\\/681623847_1657980452196364_2691322944120440835_n.jpg?stp=dst-jpg_e35_tt6&amp;_nc_cat=107&amp;ccb=7-5&amp;_nc_sid=18de74&amp;efg=eyJlZmdfdGFnIjoiQ0xJUFMuYmVzdF9pbWFnZV91cmxnZW4uQzMifQ%3D%3D&amp;_nc_ohc=XRf_2YNVtNUQ7kNvwHq1FRt&amp;_nc_oc=AdrqFItnpPPGU_DnloY9k4Hq28w3wcasROgfk4BB-qTEuLOUusIz24jkQt36tTSgRZQ&amp;_nc_zt=23&amp;_nc_ht=scontent-bru2-1.cdninstagram.com&amp;edm=ANo9K5cEAAAA&amp;_nc_gid=B4LMV1gY81zjwUkaJDarJA&amp;_nc_tpa=Q5bMBQGHRYovJw6gEvUud_bX9Q1kPt33iChqvAXWUd_HC2SoOBOW388GUwNjRrFKWhUnN-Zwk7wfzoxmLQ&amp;oh=00_Af1CpMFC2rYfaAj0UoIRWZhStrUn2dP88Hf0V4s7SgSjjw&amp;oe=69F7B38F&quot;,&quot;640&quot;:&quot;https:\\\/\\\/scontent-bru2-1.cdninstagram.com\\\/v\\\/t51.71878-15\\\/681623847_1657980452196364_2691322944120440835_n.jpg?stp=dst-jpg_e35_tt6&amp;_nc_cat=107&amp;ccb=7-5&amp;_nc_sid=18de74&amp;efg=eyJlZmdfdGFnIjoiQ0xJUFMuYmVzdF9pbWFnZV91cmxnZW4uQzMifQ%3D%3D&amp;_nc_ohc=XRf_2YNVtNUQ7kNvwHq1FRt&amp;_nc_oc=AdrqFItnpPPGU_DnloY9k4Hq28w3wcasROgfk4BB-qTEuLOUusIz24jkQt36tTSgRZQ&amp;_nc_zt=23&amp;_nc_ht=scontent-bru2-1.cdninstagram.com&amp;edm=ANo9K5cEAAAA&amp;_nc_gid=B4LMV1gY81zjwUkaJDarJA&amp;_nc_tpa=Q5bMBQGHRYovJw6gEvUud_bX9Q1kPt33iChqvAXWUd_HC2SoOBOW388GUwNjRrFKWhUnN-Zwk7wfzoxmLQ&amp;oh=00_Af1CpMFC2rYfaAj0UoIRWZhStrUn2dP88Hf0V4s7SgSjjw&amp;oe=69F7B38F&quot;}\">\n\t\t\t<span class=\"sbi-screenreader\">\ud83e\udd29C\u2019EST NOUVEAU ET IN\u00c9DIT \ud83c\udf89: LE PREMIER JEU DES 7 P<\/span>\n\t\t\t\t\t\t<svg style=\"color: rgba(255,255,255,1)\" class=\"svg-inline--fa fa-play fa-w-14 sbi_playbtn\" aria-label=\"Play\" aria-hidden=\"true\" data-fa-processed=\"\" data-prefix=\"fa\" data-icon=\"play\" role=\"presentation\" xmlns=\"http:\/\/www.w3.org\/2000\/svg\" viewBox=\"0 0 448 512\"><path fill=\"currentColor\" d=\"M424.4 214.7L72.4 6.6C43.8-10.3 0 6.1 0 47.9V464c0 37.5 40.7 60.1 72.4 41.3l352-208c31.4-18.5 31.5-64.1 0-82.6z\"><\/path><\/svg>\t\t\t<img decoding=\"async\" src=\"https:\/\/les4pattounes.org\/les4pattorg\/wp-content\/plugins\/instagram-feed\/img\/placeholder.png\" alt=\"\ud83e\udd29C\u2019EST NOUVEAU ET IN\u00c9DIT \ud83c\udf89: LE PREMIER JEU DES 7 PATTOUNES \ud83d\udc3e\ud83d\udc3e\n\nToi aussi tu r\u00eaves de TOUT savoir sur nos amis les animaux, pour mieux les aider et les aimes \ud83d\udc97? \n\nLes4pattounes \ud83d\udc3e\ud83d\udc3e te propose ce superbe jeu p\u00e9dagogique et ludique au prix de 10\u20ac, frais de port inclus, \u00e0 partager sans mod\u00e9ration entre amis \ud83d\udc6f ou en famille : un beau moment garanti \ud83e\udde1\ud83d\udc3e\ud83d\udc3e\n\n#jeudecartes #jeudes7familles #jeu #jeudesoci\u00e9t\u00e9\" aria-hidden=\"true\">\n\t\t<\/a>\n\t<\/div>\n<\/div>\t<\/div>\n\n\t<div id=\"sbi_load\" >\n\n\t\n\t\t\t<span class=\"sbi_follow_btn sbi_custom\" >\n\t\t\t<a target=\"_blank\"\n\t\t\t\trel=\"nofollow noopener\"  href=\"https:\/\/www.instagram.com\/les_4pattounes\/\" style=\"background: rgb(245,106,86);\">\n\t\t\t\t<svg class=\"svg-inline--fa fa-instagram fa-w-14\" aria-hidden=\"true\" data-fa-processed=\"\" aria-label=\"Instagram\" data-prefix=\"fab\" data-icon=\"instagram\" role=\"img\" viewBox=\"0 0 448 512\">\n                    <path fill=\"currentColor\" d=\"M224.1 141c-63.6 0-114.9 51.3-114.9 114.9s51.3 114.9 114.9 114.9S339 319.5 339 255.9 287.7 141 224.1 141zm0 189.6c-41.1 0-74.7-33.5-74.7-74.7s33.5-74.7 74.7-74.7 74.7 33.5 74.7 74.7-33.6 74.7-74.7 74.7zm146.4-194.3c0 14.9-12 26.8-26.8 26.8-14.9 0-26.8-12-26.8-26.8s12-26.8 26.8-26.8 26.8 12 26.8 26.8zm76.1 27.2c-1.7-35.9-9.9-67.7-36.2-93.9-26.2-26.2-58-34.4-93.9-36.2-37-2.1-147.9-2.1-184.9 0-35.8 1.7-67.6 9.9-93.9 36.1s-34.4 58-36.2 93.9c-2.1 37-2.1 147.9 0 184.9 1.7 35.9 9.9 67.7 36.2 93.9s58 34.4 93.9 36.2c37 2.1 147.9 2.1 184.9 0 35.9-1.7 67.7-9.9 93.9-36.2 26.2-26.2 34.4-58 36.2-93.9 2.1-37 2.1-147.8 0-184.8zM398.8 388c-7.8 19.6-22.9 34.7-42.6 42.6-29.5 11.7-99.5 9-132.1 9s-102.7 2.6-132.1-9c-19.6-7.8-34.7-22.9-42.6-42.6-11.7-29.5-9-99.5-9-132.1s-2.6-102.7 9-132.1c7.8-19.6 22.9-34.7 42.6-42.6 29.5-11.7 99.5-9 132.1-9s102.7-2.6 132.1 9c19.6 7.8 34.7 22.9 42.6 42.6 11.7 29.5 9 99.5 9 132.1s2.7 102.7-9 132.1z\"><\/path>\n                <\/svg>\t\t\t\t<span>Suivez-nous sur Instagram<\/span>\n\t\t\t<\/a>\n\t\t<\/span>\n\t\n<\/div>\n\t\t<span class=\"sbi_resized_image_data\" data-feed-id=\"*1\"\n\t\t  data-resized=\"{&quot;18077556779539588&quot;:{&quot;id&quot;:&quot;681623847_1657980452196364_2691322944120440835_n&quot;,&quot;ratio&quot;:&quot;0.56&quot;,&quot;sizes&quot;:{&quot;full&quot;:640,&quot;low&quot;:320,&quot;thumb&quot;:150},&quot;extension&quot;:&quot;.webp&quot;},&quot;17982755978991959&quot;:{&quot;id&quot;:&quot;683662204_18063139994693477_3519506593762769616_n&quot;,&quot;ratio&quot;:&quot;0.75&quot;,&quot;sizes&quot;:{&quot;full&quot;:640,&quot;low&quot;:320,&quot;thumb&quot;:150},&quot;extension&quot;:&quot;.webp&quot;},&quot;18101362777966313&quot;:{&quot;id&quot;:&quot;681001714_18063190079693477_6372007512104521434_n&quot;,&quot;ratio&quot;:&quot;1.08&quot;,&quot;sizes&quot;:{&quot;full&quot;:640,&quot;low&quot;:320,&quot;thumb&quot;:150},&quot;extension&quot;:&quot;.webp&quot;},&quot;18082962005567770&quot;:{&quot;id&quot;:&quot;681419841_18063309935693477_6628778170519776901_n&quot;,&quot;ratio&quot;:&quot;0.75&quot;,&quot;sizes&quot;:{&quot;full&quot;:640,&quot;low&quot;:320,&quot;thumb&quot;:150},&quot;extension&quot;:&quot;.webp&quot;}}\">\n\t<\/span>\n\t<\/div>\n\n\t<style type=\"text\/css\">\n\t\t\t\t\t\t#sb_instagram .sbi_follow_btn a:hover,\n\t\t#sb_instagram .sbi_follow_btn a:focus {\n\t\t\toutline: none;\n\t\t\tbox-shadow: inset 0 0 10px 20px#000000;\n\t\t}\n\n\t\t\t<\/style>\n\t[\/et_pb_code][\/et_pb_column][\/et_pb_row][\/et_pb_section]<\/p>\n","protected":false},"excerpt":{"rendered":"<p>Toulouse. Gr\u00e2ce \u00e0 une belle cha\u00eene de solidarit\u00e9, un chat pi\u00e9g\u00e9 depuis une semaine \u00ab\u00a0sauv\u00e9 d&rsquo;une mort certaine\u00a0\u00bb Un chat a \u00e9t\u00e9 lib\u00e9r\u00e9 du \u00ab\u00a0pi\u00e8ge\u00a0\u00bb dans lequel il \u00e9tait tomb\u00e9 le vendredi 13 mars 2026 dans un parking souterrain du quartier Basso Cambo, \u00e0 Toulouse. R\u00e9cit d&rsquo;un sauvetage. Animaux maltrait\u00e9s : un premier refuge d&rsquo;accueil [&hellip;]<\/p>\n","protected":false},"author":4,"featured_media":0,"comment_status":"closed","ping_status":"open","sticky":false,"template":"","format":"standard","meta":{"_et_pb_use_builder":"on","_et_pb_old_content":"","_et_gb_content_width":"","footnotes":""},"categories":[8],"tags":[],"class_list":["post-2295","post","type-post","status-publish","format-standard","hentry","category-articles"],"yoast_head":"<!-- This site is optimized with the Yoast SEO plugin v27.5 - https:\/\/yoast.com\/product\/yoast-seo-wordpress\/ -->\n<title>ILS PARLENT DE NOUS - Les4pattounes<\/title>\n<meta name=\"robots\" content=\"index, follow, max-snippet:-1, max-image-preview:large, max-video-preview:-1\" \/>\n<link rel=\"canonical\" href=\"https:\/\/les4pattounes.org\/les4pattorg\/ils-parlent-de-nous\/\" \/>\n<meta property=\"og:locale\" content=\"fr_FR\" \/>\n<meta property=\"og:type\" content=\"article\" \/>\n<meta property=\"og:title\" content=\"ILS PARLENT DE NOUS - Les4pattounes\" \/>\n<meta property=\"og:description\" content=\"Toulouse. Gr\u00e2ce \u00e0 une belle cha\u00eene de solidarit\u00e9, un chat pi\u00e9g\u00e9 depuis une semaine &quot;sauv\u00e9 d&#039;une mort certaine&quot; Un chat a \u00e9t\u00e9 lib\u00e9r\u00e9 du &quot;pi\u00e8ge&quot; dans lequel il \u00e9tait tomb\u00e9 le vendredi 13 mars 2026 dans un parking souterrain du quartier Basso Cambo, \u00e0 Toulouse. R\u00e9cit d&#039;un sauvetage. Animaux maltrait\u00e9s : un premier refuge d&#039;accueil [&hellip;]\" \/>\n<meta property=\"og:url\" content=\"https:\/\/les4pattounes.org\/les4pattorg\/ils-parlent-de-nous\/\" \/>\n<meta property=\"og:site_name\" content=\"Les4pattounes\" \/>\n<meta property=\"article:publisher\" content=\"https:\/\/www.facebook.com\/les4pattounes\" \/>\n<meta property=\"article:published_time\" content=\"2025-01-27T11:24:11+00:00\" \/>\n<meta property=\"article:modified_time\" content=\"2026-03-25T14:51:01+00:00\" \/>\n<meta name=\"author\" content=\"Roxane DUQUENOY\" \/>\n<meta name=\"twitter:card\" content=\"summary_large_image\" \/>\n<meta name=\"twitter:label1\" content=\"\u00c9crit par\" \/>\n\t<meta name=\"twitter:data1\" content=\"Roxane DUQUENOY\" \/>\n\t<meta name=\"twitter:label2\" content=\"Dur\u00e9e de lecture estim\u00e9e\" \/>\n\t<meta name=\"twitter:data2\" content=\"3 minutes\" \/>\n<script type=\"application\/ld+json\" class=\"yoast-schema-graph\">{\"@context\":\"https:\\\/\\\/schema.org\",\"@graph\":[{\"@type\":\"Article\",\"@id\":\"https:\\\/\\\/les4pattounes.org\\\/les4pattorg\\\/ils-parlent-de-nous\\\/#article\",\"isPartOf\":{\"@id\":\"https:\\\/\\\/les4pattounes.org\\\/les4pattorg\\\/ils-parlent-de-nous\\\/\"},\"author\":{\"name\":\"Roxane DUQUENOY\",\"@id\":\"https:\\\/\\\/les4pattounes.org\\\/les4pattorg\\\/#\\\/schema\\\/person\\\/8bdea5076e3c175e6c2ac30d9d0e598b\"},\"headline\":\"ILS PARLENT DE NOUS\",\"datePublished\":\"2025-01-27T11:24:11+00:00\",\"dateModified\":\"2026-03-25T14:51:01+00:00\",\"mainEntityOfPage\":{\"@id\":\"https:\\\/\\\/les4pattounes.org\\\/les4pattorg\\\/ils-parlent-de-nous\\\/\"},\"wordCount\":4359,\"publisher\":{\"@id\":\"https:\\\/\\\/les4pattounes.org\\\/les4pattorg\\\/#organization\"},\"articleSection\":[\"ARTICLES\"],\"inLanguage\":\"fr-FR\"},{\"@type\":\"WebPage\",\"@id\":\"https:\\\/\\\/les4pattounes.org\\\/les4pattorg\\\/ils-parlent-de-nous\\\/\",\"url\":\"https:\\\/\\\/les4pattounes.org\\\/les4pattorg\\\/ils-parlent-de-nous\\\/\",\"name\":\"ILS PARLENT DE NOUS - Les4pattounes\",\"isPartOf\":{\"@id\":\"https:\\\/\\\/les4pattounes.org\\\/les4pattorg\\\/#website\"},\"datePublished\":\"2025-01-27T11:24:11+00:00\",\"dateModified\":\"2026-03-25T14:51:01+00:00\",\"breadcrumb\":{\"@id\":\"https:\\\/\\\/les4pattounes.org\\\/les4pattorg\\\/ils-parlent-de-nous\\\/#breadcrumb\"},\"inLanguage\":\"fr-FR\",\"potentialAction\":[{\"@type\":\"ReadAction\",\"target\":[\"https:\\\/\\\/les4pattounes.org\\\/les4pattorg\\\/ils-parlent-de-nous\\\/\"]}]},{\"@type\":\"BreadcrumbList\",\"@id\":\"https:\\\/\\\/les4pattounes.org\\\/les4pattorg\\\/ils-parlent-de-nous\\\/#breadcrumb\",\"itemListElement\":[{\"@type\":\"ListItem\",\"position\":1,\"name\":\"Accueil\",\"item\":\"https:\\\/\\\/les4pattounes.org\\\/les4pattorg\\\/\"},{\"@type\":\"ListItem\",\"position\":2,\"name\":\"ILS PARLENT DE NOUS\"}]},{\"@type\":\"WebSite\",\"@id\":\"https:\\\/\\\/les4pattounes.org\\\/les4pattorg\\\/#website\",\"url\":\"https:\\\/\\\/les4pattounes.org\\\/les4pattorg\\\/\",\"name\":\"Les4pattounes\",\"description\":\"ENSEMBLE, NOUS POUVONS LES AIDER !\",\"publisher\":{\"@id\":\"https:\\\/\\\/les4pattounes.org\\\/les4pattorg\\\/#organization\"},\"potentialAction\":[{\"@type\":\"SearchAction\",\"target\":{\"@type\":\"EntryPoint\",\"urlTemplate\":\"https:\\\/\\\/les4pattounes.org\\\/les4pattorg\\\/?s={search_term_string}\"},\"query-input\":{\"@type\":\"PropertyValueSpecification\",\"valueRequired\":true,\"valueName\":\"search_term_string\"}}],\"inLanguage\":\"fr-FR\"},{\"@type\":\"Organization\",\"@id\":\"https:\\\/\\\/les4pattounes.org\\\/les4pattorg\\\/#organization\",\"name\":\"Les4pattounes\",\"url\":\"https:\\\/\\\/les4pattounes.org\\\/les4pattorg\\\/\",\"logo\":{\"@type\":\"ImageObject\",\"inLanguage\":\"fr-FR\",\"@id\":\"https:\\\/\\\/les4pattounes.org\\\/les4pattorg\\\/#\\\/schema\\\/logo\\\/image\\\/\",\"url\":\"http:\\\/\\\/les4pattounes.org\\\/les4pattorg\\\/wp-content\\\/uploads\\\/2023\\\/05\\\/logo.png\",\"contentUrl\":\"http:\\\/\\\/les4pattounes.org\\\/les4pattorg\\\/wp-content\\\/uploads\\\/2023\\\/05\\\/logo.png\",\"width\":2901,\"height\":1148,\"caption\":\"Les4pattounes\"},\"image\":{\"@id\":\"https:\\\/\\\/les4pattounes.org\\\/les4pattorg\\\/#\\\/schema\\\/logo\\\/image\\\/\"},\"sameAs\":[\"https:\\\/\\\/www.facebook.com\\\/les4pattounes\",\"https:\\\/\\\/www.instagram.com\\\/les_4pattounes\\\/\",\"https:\\\/\\\/www.tiktok.com\\\/@hancockles4pattounes\",\"https:\\\/\\\/www.linkedin.com\\\/groups\\\/12684287\\\/\"]},{\"@type\":\"Person\",\"@id\":\"https:\\\/\\\/les4pattounes.org\\\/les4pattorg\\\/#\\\/schema\\\/person\\\/8bdea5076e3c175e6c2ac30d9d0e598b\",\"name\":\"Roxane DUQUENOY\",\"image\":{\"@type\":\"ImageObject\",\"inLanguage\":\"fr-FR\",\"@id\":\"https:\\\/\\\/secure.gravatar.com\\\/avatar\\\/79ab3bcca3b11a29f0e21be59675dc2dc5ddb68ff3c9d3d9fc38456db1d636b2?s=96&d=mm&r=g\",\"url\":\"https:\\\/\\\/secure.gravatar.com\\\/avatar\\\/79ab3bcca3b11a29f0e21be59675dc2dc5ddb68ff3c9d3d9fc38456db1d636b2?s=96&d=mm&r=g\",\"contentUrl\":\"https:\\\/\\\/secure.gravatar.com\\\/avatar\\\/79ab3bcca3b11a29f0e21be59675dc2dc5ddb68ff3c9d3d9fc38456db1d636b2?s=96&d=mm&r=g\",\"caption\":\"Roxane DUQUENOY\"},\"url\":\"https:\\\/\\\/les4pattounes.org\\\/les4pattorg\\\/author\\\/roxane\\\/\"}]}<\/script>\n<!-- \/ Yoast SEO plugin. -->","yoast_head_json":{"title":"ILS PARLENT DE NOUS - Les4pattounes","robots":{"index":"index","follow":"follow","max-snippet":"max-snippet:-1","max-image-preview":"max-image-preview:large","max-video-preview":"max-video-preview:-1"},"canonical":"https:\/\/les4pattounes.org\/les4pattorg\/ils-parlent-de-nous\/","og_locale":"fr_FR","og_type":"article","og_title":"ILS PARLENT DE NOUS - Les4pattounes","og_description":"Toulouse. Gr\u00e2ce \u00e0 une belle cha\u00eene de solidarit\u00e9, un chat pi\u00e9g\u00e9 depuis une semaine \"sauv\u00e9 d'une mort certaine\" Un chat a \u00e9t\u00e9 lib\u00e9r\u00e9 du \"pi\u00e8ge\" dans lequel il \u00e9tait tomb\u00e9 le vendredi 13 mars 2026 dans un parking souterrain du quartier Basso Cambo, \u00e0 Toulouse. R\u00e9cit d'un sauvetage. Animaux maltrait\u00e9s : un premier refuge d'accueil [&hellip;]","og_url":"https:\/\/les4pattounes.org\/les4pattorg\/ils-parlent-de-nous\/","og_site_name":"Les4pattounes","article_publisher":"https:\/\/www.facebook.com\/les4pattounes","article_published_time":"2025-01-27T11:24:11+00:00","article_modified_time":"2026-03-25T14:51:01+00:00","author":"Roxane DUQUENOY","twitter_card":"summary_large_image","twitter_misc":{"\u00c9crit par":"Roxane DUQUENOY","Dur\u00e9e de lecture estim\u00e9e":"3 minutes"},"schema":{"@context":"https:\/\/schema.org","@graph":[{"@type":"Article","@id":"https:\/\/les4pattounes.org\/les4pattorg\/ils-parlent-de-nous\/#article","isPartOf":{"@id":"https:\/\/les4pattounes.org\/les4pattorg\/ils-parlent-de-nous\/"},"author":{"name":"Roxane DUQUENOY","@id":"https:\/\/les4pattounes.org\/les4pattorg\/#\/schema\/person\/8bdea5076e3c175e6c2ac30d9d0e598b"},"headline":"ILS PARLENT DE NOUS","datePublished":"2025-01-27T11:24:11+00:00","dateModified":"2026-03-25T14:51:01+00:00","mainEntityOfPage":{"@id":"https:\/\/les4pattounes.org\/les4pattorg\/ils-parlent-de-nous\/"},"wordCount":4359,"publisher":{"@id":"https:\/\/les4pattounes.org\/les4pattorg\/#organization"},"articleSection":["ARTICLES"],"inLanguage":"fr-FR"},{"@type":"WebPage","@id":"https:\/\/les4pattounes.org\/les4pattorg\/ils-parlent-de-nous\/","url":"https:\/\/les4pattounes.org\/les4pattorg\/ils-parlent-de-nous\/","name":"ILS PARLENT DE NOUS - Les4pattounes","isPartOf":{"@id":"https:\/\/les4pattounes.org\/les4pattorg\/#website"},"datePublished":"2025-01-27T11:24:11+00:00","dateModified":"2026-03-25T14:51:01+00:00","breadcrumb":{"@id":"https:\/\/les4pattounes.org\/les4pattorg\/ils-parlent-de-nous\/#breadcrumb"},"inLanguage":"fr-FR","potentialAction":[{"@type":"ReadAction","target":["https:\/\/les4pattounes.org\/les4pattorg\/ils-parlent-de-nous\/"]}]},{"@type":"BreadcrumbList","@id":"https:\/\/les4pattounes.org\/les4pattorg\/ils-parlent-de-nous\/#breadcrumb","itemListElement":[{"@type":"ListItem","position":1,"name":"Accueil","item":"https:\/\/les4pattounes.org\/les4pattorg\/"},{"@type":"ListItem","position":2,"name":"ILS PARLENT DE NOUS"}]},{"@type":"WebSite","@id":"https:\/\/les4pattounes.org\/les4pattorg\/#website","url":"https:\/\/les4pattounes.org\/les4pattorg\/","name":"Les4pattounes","description":"ENSEMBLE, NOUS POUVONS LES AIDER !","publisher":{"@id":"https:\/\/les4pattounes.org\/les4pattorg\/#organization"},"potentialAction":[{"@type":"SearchAction","target":{"@type":"EntryPoint","urlTemplate":"https:\/\/les4pattounes.org\/les4pattorg\/?s={search_term_string}"},"query-input":{"@type":"PropertyValueSpecification","valueRequired":true,"valueName":"search_term_string"}}],"inLanguage":"fr-FR"},{"@type":"Organization","@id":"https:\/\/les4pattounes.org\/les4pattorg\/#organization","name":"Les4pattounes","url":"https:\/\/les4pattounes.org\/les4pattorg\/","logo":{"@type":"ImageObject","inLanguage":"fr-FR","@id":"https:\/\/les4pattounes.org\/les4pattorg\/#\/schema\/logo\/image\/","url":"http:\/\/les4pattounes.org\/les4pattorg\/wp-content\/uploads\/2023\/05\/logo.png","contentUrl":"http:\/\/les4pattounes.org\/les4pattorg\/wp-content\/uploads\/2023\/05\/logo.png","width":2901,"height":1148,"caption":"Les4pattounes"},"image":{"@id":"https:\/\/les4pattounes.org\/les4pattorg\/#\/schema\/logo\/image\/"},"sameAs":["https:\/\/www.facebook.com\/les4pattounes","https:\/\/www.instagram.com\/les_4pattounes\/","https:\/\/www.tiktok.com\/@hancockles4pattounes","https:\/\/www.linkedin.com\/groups\/12684287\/"]},{"@type":"Person","@id":"https:\/\/les4pattounes.org\/les4pattorg\/#\/schema\/person\/8bdea5076e3c175e6c2ac30d9d0e598b","name":"Roxane DUQUENOY","image":{"@type":"ImageObject","inLanguage":"fr-FR","@id":"https:\/\/secure.gravatar.com\/avatar\/79ab3bcca3b11a29f0e21be59675dc2dc5ddb68ff3c9d3d9fc38456db1d636b2?s=96&d=mm&r=g","url":"https:\/\/secure.gravatar.com\/avatar\/79ab3bcca3b11a29f0e21be59675dc2dc5ddb68ff3c9d3d9fc38456db1d636b2?s=96&d=mm&r=g","contentUrl":"https:\/\/secure.gravatar.com\/avatar\/79ab3bcca3b11a29f0e21be59675dc2dc5ddb68ff3c9d3d9fc38456db1d636b2?s=96&d=mm&r=g","caption":"Roxane DUQUENOY"},"url":"https:\/\/les4pattounes.org\/les4pattorg\/author\/roxane\/"}]}},"_links":{"self":[{"href":"https:\/\/les4pattounes.org\/les4pattorg\/wp-json\/wp\/v2\/posts\/2295","targetHints":{"allow":["GET"]}}],"collection":[{"href":"https:\/\/les4pattounes.org\/les4pattorg\/wp-json\/wp\/v2\/posts"}],"about":[{"href":"https:\/\/les4pattounes.org\/les4pattorg\/wp-json\/wp\/v2\/types\/post"}],"author":[{"embeddable":true,"href":"https:\/\/les4pattounes.org\/les4pattorg\/wp-json\/wp\/v2\/users\/4"}],"replies":[{"embeddable":true,"href":"https:\/\/les4pattounes.org\/les4pattorg\/wp-json\/wp\/v2\/comments?post=2295"}],"version-history":[{"count":19,"href":"https:\/\/les4pattounes.org\/les4pattorg\/wp-json\/wp\/v2\/posts\/2295\/revisions"}],"predecessor-version":[{"id":2959,"href":"https:\/\/les4pattounes.org\/les4pattorg\/wp-json\/wp\/v2\/posts\/2295\/revisions\/2959"}],"wp:attachment":[{"href":"https:\/\/les4pattounes.org\/les4pattorg\/wp-json\/wp\/v2\/media?parent=2295"}],"wp:term":[{"taxonomy":"category","embeddable":true,"href":"https:\/\/les4pattounes.org\/les4pattorg\/wp-json\/wp\/v2\/categories?post=2295"},{"taxonomy":"post_tag","embeddable":true,"href":"https:\/\/les4pattounes.org\/les4pattorg\/wp-json\/wp\/v2\/tags?post=2295"}],"curies":[{"name":"wp","href":"https:\/\/api.w.org\/{rel}","templated":true}]}}